{"id":12780,"date":"2023-03-03T07:30:55","date_gmt":"2023-03-03T06:30:55","guid":{"rendered":"https:\/\/pre.madridemprende.anovagroup.es\/?post_type=noticias&#038;p=12780"},"modified":"2023-03-07T09:00:39","modified_gmt":"2023-03-07T08:00:39","slug":"conoce-las-nuevas-ayudas-para-las-pymes-2023","status":"publish","type":"noticias","link":"https:\/\/test.madridemprende.anovagroup.es\/fr\/noticias\/conoce-las-nuevas-ayudas-para-las-pymes-2023\/","title":{"rendered":"Conoce las nuevas ayudas para las pymes 2023"},"content":{"rendered":"<ul>\n<li><strong>El Plan de Recuperaci\u00f3n, Transformaci\u00f3n y Resiliencia (PRTR) est\u00e1 dotado de 750.000 millones de euros<\/strong><\/li>\n<li><strong>Objetivo: enfrentar las secuelas econ\u00f3micas y sociales de la pandemia<\/strong><\/li>\n<li><strong>Vigente hasta junio de este a\u00f1o<\/strong><\/li>\n<\/ul>\n<p>&nbsp;<\/p>\n<p>Son muchos los comentarios sobre las nuevas cotizaciones para los aut\u00f3nomos que entraron en vigor el pasado mes de enero.\u00a0Pero tambi\u00e9n, este a\u00f1o 2023 trae consigo nuevas ayudas para el sector de las pymes.<\/p>\n<p>El gobierno arranc\u00f3 el <a href=\"https:\/\/planderecuperacion.gob.es\/\" target=\"_blank\" rel=\"noopener\"><strong>Plan de Recuperaci\u00f3n, Transformaci\u00f3n y Resiliencia<\/strong><\/a> (PRTR) con los fondos destinados por Europa al Next Generation EU. Este plan, acordado en julio de 2020 por el Consejo Europeo y dotado de 750.000 millones de euros, tiene el objetivo de enfrentar las secuelas econ\u00f3micas y sociales de la pandemia y permanecer\u00e1 vigente hasta junio de este a\u00f1o.<\/p>\n<h3><strong>Mejores habilidades digitales para las pymes<\/strong><\/h3>\n<p>Las pymes dispondr\u00e1n de un novedoso paquete de ayudas enmarcado en el <a href=\"https:\/\/portal.mineco.gob.es\/es-es\/comunicacion\/Paginas\/Generaci%C3%B3n-Digital-Pymes.aspx\" target=\"_blank\" rel=\"noopener\"><strong>Plan Generaci\u00f3n Digital Pymes<\/strong><\/a>, dotado con 356 millones de euros hasta diciembre de 2025. Dicho plan tiene como objetivo incrementar las destrezas digitales de pymes y aut\u00f3nomos, disponiendo de 2.600 euros por beneficiario.<\/p>\n<p>Este plan se ha convertido en un objetivo equivalente al famoso Kit Digital, que ya hace varios meses se pod\u00eda solicitar.<\/p>\n<p>La finalidad de este plan consiste en que a trav\u00e9s de la formaci\u00f3n en el \u00e1mbito digital, aut\u00f3nomos y trabajadores de pymes puedan optimizar sus habilidades digitalizadoras.<\/p>\n<p>Para acceder a las convocatorias de los programas de Recuperaci\u00f3n, Transformaci\u00f3n y Resiliencia (PRTR) se debe consultar la p\u00e1gina web del Ministerio de Hacienda y Funci\u00f3n P\u00fablica, o las p\u00e1ginas web de las comunidades aut\u00f3nomos, las cuales han sido modificadas para tramitar estas ayudas.<\/p>\n<h3><strong>Novedades fiscales para aut\u00f3nomos y pymes<\/strong><\/h3>\n<p>Este a\u00f1o tambi\u00e9n viene con algunas novedades fiscales incluidas en plan fiscal del mes de septiembre para las pymes, y se refiere a ciertas medidas que quieren liberar un poco de carga tributaria no s\u00f3lo para las peque\u00f1as y medianas empresas, sino tambi\u00e9n para los aut\u00f3nomos.<\/p>\n<p>Adicionalmente, para las pymes, el Impuesto Sobre Sociedades (IS) sufrir\u00e1 una rebaja del tipo nominal, pasando del 25% al 23% para aquellas que dispongan de una facturaci\u00f3n de hasta un mill\u00f3n de euros.<\/p>\n<h3><strong>Ayudas para animar a la pr\u00e1ctica del autoconsumo en las pymes<\/strong><\/h3>\n<p>El Registro Estatal de Emisiones y Fuentes Contaminantes (PRTR) ofrece ayudas a trav\u00e9s del <a href=\"https:\/\/www.idae.es\/ayudas-y-financiacion_0\" target=\"_blank\" rel=\"noopener\"><strong>Instituto para la Diversificaci\u00f3n y Ahorro de la Energ\u00eda (IDAE)<\/strong><\/a> que buscan fomentar el autoconsumo y suplantar los veh\u00edculos contaminantes por unos de energ\u00eda limpia. Para ello, el IDAE cuenta con un procedimiento para actualizar en las empresas la flota de veh\u00edculos.<\/p>\n<p>Antes de la llegada del fondo europeo Next Generation EU, ya se hab\u00eda establecido el Plan Moves III, que pas\u00f3 a capitalizarse con el primer desembolso de 2021. Dicho plan contribuir\u00e1 con las empresas para adquirir hasta 50 medios de transporte el\u00e9ctricos, h\u00edbridos enchufables y de pila de combustible.<\/p>\n<p>De igual forma, empresas dedicadas al sector de los servicios, podr\u00e1n pedir ayudas para la instalaci\u00f3n de placas fotovoltaicas de hasta 45% del valor para un sistema de autoconsumo b\u00e1sico.<\/p>\n<p>Por otra parte, las empresas dedicadas a los sectores: industrial, agropecuario y de servicios. Disfrutan de un programa para la modificaci\u00f3n de infraestructuras renovables, como placas solares t\u00e9rmicas, bombas geotermia o de calor.<\/p>\n<p>Cabe resaltar que esta iniciativa, favorece el 40% del coste para las medianas empresas y el 45% para empresas peque\u00f1as.<\/p>\n<p>&nbsp;<\/p>\n<h3><strong>Enlaces de inter\u00e9s<\/strong><\/h3>\n<p><a href=\"https:\/\/planderecuperacion.gob.es\/\" target=\"_blank\" rel=\"noopener\">https:\/\/planderecuperacion.gob.es\/\u00a0<\/a><\/p>\n<p><a href=\"https:\/\/portal.mineco.gob.es\/es-es\/comunicacion\/Paginas\/Generaci%C3%B3n-Digital-Pymes.aspx\" target=\"_blank\" rel=\"noopener\">https:\/\/portal.mineco.gob.es\/es-es\/comunicacion\/Paginas\/Generaci%C3%B3n-Digital-Pymes.aspx<\/a><\/p>\n<p><a href=\"https:\/\/www.idae.es\/ayudas-y-financiacion_0\" target=\"_blank\" rel=\"noopener\">https:\/\/www.idae.es\/ayudas-y-financiacion_0<\/a><\/p>\n","protected":false},"excerpt":{"rendered":"<p>Son muchos los comentarios sobre las nuevas cotizaciones para los aut\u00f3nomos que entraron en vigor el pasado mes de enero. Pero tambi\u00e9n, este a\u00f1o 2023 trae consigo nuevas ayudas para el sector de las pymes. Desc\u00fabrelas. <\/p>\n","protected":false},"featured_media":12781,"template":"","meta":{"_acf_changed":false},"categories":[318],"noticias":[238,266],"class_list":["post-12780","noticias","type-noticias","status-publish","has-post-thumbnail","hentry","category-blog","noticias-ayudas","noticias-pymes"],"acf":[],"_links":{"self":[{"href":"https:\/\/test.madridemprende.anovagroup.es\/fr\/wp-json\/wp\/v2\/noticias\/12780"}],"collection":[{"href":"https:\/\/test.madridemprende.anovagroup.es\/fr\/wp-json\/wp\/v2\/noticias"}],"about":[{"href":"https:\/\/test.madridemprende.anovagroup.es\/fr\/wp-json\/wp\/v2\/types\/noticias"}],"version-history":[{"count":0,"href":"https:\/\/test.madridemprende.anovagroup.es\/fr\/wp-json\/wp\/v2\/noticias\/12780\/revisions"}],"wp:featuredmedia":[{"embeddable":true,"href":"https:\/\/test.madridemprende.anovagroup.es\/fr\/wp-json\/wp\/v2\/media\/12781"}],"wp:attachment":[{"href":"https:\/\/test.madridemprende.anovagroup.es\/fr\/wp-json\/wp\/v2\/media?parent=12780"}],"wp:term":[{"taxonomy":"category","embeddable":true,"href":"https:\/\/test.madridemprende.anovagroup.es\/fr\/wp-json\/wp\/v2\/categories?post=12780"},{"taxonomy":"noticias","embeddable":true,"href":"https:\/\/test.madridemprende.anovagroup.es\/fr\/wp-json\/wp\/v2\/noticias?post=12780"}],"curies":[{"name":"wp","href":"https:\/\/api.w.org\/{rel}","templated":true}]}}