{"id":13099,"date":"2023-04-04T13:46:39","date_gmt":"2023-04-04T11:46:39","guid":{"rendered":"https:\/\/pre.madridemprende.anovagroup.es\/?post_type=noticias&#038;p=13099"},"modified":"2023-04-04T13:46:39","modified_gmt":"2023-04-04T11:46:39","slug":"quienes-estan-incluidos-en-el-regimen-especial-de-trabajadores-autonomos-reta","status":"publish","type":"noticias","link":"https:\/\/test.madridemprende.anovagroup.es\/fr\/noticias\/quienes-estan-incluidos-en-el-regimen-especial-de-trabajadores-autonomos-reta\/","title":{"rendered":"\u00bfQui\u00e9nes est\u00e1n incluidos en el R\u00e9gimen Especial de Trabajadores Aut\u00f3nomos (RETA)?"},"content":{"rendered":"<ul>\n<li><strong>La Seguridad Social establece qui\u00e9nes deben incluirse en el RETA<\/strong><\/li>\n<\/ul>\n<p>A los efectos de este R\u00e9gimen Especial, se entender\u00e1 como trabajador por cuenta propia o aut\u00f3noma, aquel que realiza de forma habitual, personal y directa una actividad econ\u00f3mica a t\u00edtulo lucrativo, sin sujeci\u00f3n por ella a contrato de trabajo y aunque utilice el servicio remunerado de otras personas, sea o no titular de empresa individual o familiar.<\/p>\n<p>Se presumir\u00e1, salvo prueba en contrario, que en el interesado concurre la condici\u00f3n de trabajador por cuenta propia o aut\u00f3noma si el mismo ostenta la titularidad de un establecimiento abierto al p\u00fablico como propietario, arrendatario, usufructuario u otro concepto an\u00e1logo.<\/p>\n<h3>Qui\u00e9nes se incluyen en el RETA<\/h3>\n<p>De forma m\u00e1s detallada, <a href=\"https:\/\/www.seg-social.es\/wps\/portal\/wss\/internet\/Trabajadores\/Afiliacion\/10548\/32825\" target=\"_blank\" rel=\"noopener\">la Seguridad Social establece qui\u00e9nes deben incluirse en el RETA<\/a>, entre los que se encuentran:<\/p>\n<ul>\n<li>Trabajadores mayores de 18 a\u00f1os, que, de forma habitual, personal y directa, realizan una actividad econ\u00f3mica a t\u00edtulo lucrativo, sin sujeci\u00f3n a contrato de trabajo.<\/li>\n<li>C\u00f3nyuge y familiares hasta el segundo grado inclusive (en el caso de trabajadores del Sistema Especial de Trabajadores Aut\u00f3nomos, hasta el tercer grado) por consanguinidad, afinidad y adopci\u00f3n que colaboren con el trabajador aut\u00f3nomo de forma personal, habitual y directa y no tengan la condici\u00f3n de asalariados.<\/li>\n<li>Los escritores de libros.<\/li>\n<li>Los trabajadores aut\u00f3nomos econ\u00f3micamente dependientes a los que se refiere el Cap\u00edtulo III del T\u00edtulo II de la Ley 20\/2007, de 11 de julio.<\/li>\n<li>Los trabajadores aut\u00f3nomos extranjeros que residan y ejerzan legalmente su actividad en territorio espa\u00f1ol.<\/li>\n<li>Profesionales que ejerzan una actividad por cuenta propia, que requiera la incorporaci\u00f3n a un Colegio Profesional cuyo colectivo se haya integrado en el R\u00e9gimen Especial de Trabajadores Aut\u00f3nomos.<\/li>\n<li>Profesionales que ejerzan una actividad por cuenta propia, que requiera la incorporaci\u00f3n a un colegio profesional cuyo colectivo no hubiera sido integrado en el R\u00e9gimen Especial de la Seguridad Social de los Trabajadores por Cuenta Propia o Aut\u00f3nomos, con ciertas peculiaridades.<\/li>\n<li>Los socios industriales de sociedades regulares colectivas y de sociedades comanditarias.<\/li>\n<li>Los socios trabajadores de las cooperativas de trabajo asociado, cuando \u00e9stas opten por este r\u00e9gimen en sus estatutos. En este caso, la edad m\u00ednima de inclusi\u00f3n en el R\u00e9gimen Especial es de 16 a\u00f1os.<\/li>\n<li>Comuneros o socios de comunidades de bienes y sociedades civiles irregulares.<\/li>\n<li>Quienes ejerzan funciones de direcci\u00f3n y gerencia que conlleva el desempe\u00f1o del cargo de consejero o administrador, o presten otros servicios para una sociedad mercantil capitalista, a t\u00edtulo lucrativo y de forma habitual, personal y directa, siempre que posean el control efectivo, directo o indirecto, de aqu\u00e9lla. Se entender\u00e1, en todo caso que se produce tal circunstancia, cuando las acciones o participaciones del trabajador supongan, al menos, la mitad del capital social.<\/li>\n<li>Los socios trabajadores de las sociedades laborales, cuando su participaci\u00f3n en el capital social junto con el de su c\u00f3nyuge y parientes por consanguinidad, afinidad o adopci\u00f3n hasta el segundo grado, con los que convivan, alcance, al menos el cincuenta por cien, salvo que acredite que el ejercicio del control efectivo de la sociedad requiere el concurso de personas ajenas a las relaciones familiares.<\/li>\n<\/ul>\n<h3>M\u00e1s informaci\u00f3n<\/h3>\n<p><a href=\"https:\/\/pre.madridemprende.anovagroup.es\/noticias\/nuevo-sistema-de-cotizacion-para-autonomos\/\">Nuevo sistema de cotizaci\u00f3n para aut\u00f3nomos en 2023<\/a><\/p>\n<p><a href=\"https:\/\/www.sepe.es\/HomeSepe\/autonomos.html\" target=\"_blank\" rel=\"noopener\">SEPE<\/a><\/p>\n","protected":false},"excerpt":{"rendered":"<p>A los efectos de este R\u00e9gimen Especial de Trabajadores Aut\u00f3nomos (RETA), se entender\u00e1 como trabajador por cuenta propia o aut\u00f3noma, aquel que realiza de forma habitual, personal y directa una actividad econ\u00f3mica a t\u00edtulo lucrativo.<\/p>\n","protected":false},"featured_media":13100,"template":"","meta":{"_acf_changed":false},"categories":[318],"noticias":[134],"class_list":["post-13099","noticias","type-noticias","status-publish","has-post-thumbnail","hentry","category-blog","noticias-autonomos"],"acf":[],"_links":{"self":[{"href":"https:\/\/test.madridemprende.anovagroup.es\/fr\/wp-json\/wp\/v2\/noticias\/13099"}],"collection":[{"href":"https:\/\/test.madridemprende.anovagroup.es\/fr\/wp-json\/wp\/v2\/noticias"}],"about":[{"href":"https:\/\/test.madridemprende.anovagroup.es\/fr\/wp-json\/wp\/v2\/types\/noticias"}],"version-history":[{"count":0,"href":"https:\/\/test.madridemprende.anovagroup.es\/fr\/wp-json\/wp\/v2\/noticias\/13099\/revisions"}],"wp:featuredmedia":[{"embeddable":true,"href":"https:\/\/test.madridemprende.anovagroup.es\/fr\/wp-json\/wp\/v2\/media\/13100"}],"wp:attachment":[{"href":"https:\/\/test.madridemprende.anovagroup.es\/fr\/wp-json\/wp\/v2\/media?parent=13099"}],"wp:term":[{"taxonomy":"category","embeddable":true,"href":"https:\/\/test.madridemprende.anovagroup.es\/fr\/wp-json\/wp\/v2\/categories?post=13099"},{"taxonomy":"noticias","embeddable":true,"href":"https:\/\/test.madridemprende.anovagroup.es\/fr\/wp-json\/wp\/v2\/noticias?post=13099"}],"curies":[{"name":"wp","href":"https:\/\/api.w.org\/{rel}","templated":true}]}}