{"id":13308,"date":"2023-04-05T10:36:22","date_gmt":"2023-04-05T08:36:22","guid":{"rendered":"https:\/\/pre.madridemprende.anovagroup.es\/?post_type=noticias&#038;p=13308"},"modified":"2023-04-05T11:17:25","modified_gmt":"2023-04-05T09:17:25","slug":"te-invitamos-a-expofranquicia-2023","status":"publish","type":"noticias","link":"https:\/\/test.madridemprende.anovagroup.es\/fr\/noticias\/te-invitamos-a-expofranquicia-2023\/","title":{"rendered":"Te invitamos a Expofranquicia 2023"},"content":{"rendered":"<ul>\n<li><strong>Expofranquicia 2023 presentar\u00e1 las \u00faltimas novedades y oportunidades del sector<\/strong><\/li>\n<li><strong>Esta edici\u00f3n tendr\u00e1 lugar del 18 al 20 de mayo en IFEMA<\/strong><\/li>\n<li><strong>Acceso gratuito con nuestro c\u00f3digo de invitaci\u00f3n<\/strong><\/li>\n<\/ul>\n<p>&nbsp;<\/p>\n<p><strong><a href=\"https:\/\/www.ifema.es\/expofranquicia\/\" target=\"_blank\" rel=\"noopener\">Expofranquicia 2023, el Sal\u00f3n Internacional de la Franquicia<\/a>\u00a0<\/strong>es la feria de franquicias en la que profesionales y p\u00fablico en general pueden encontrar el negocio a su medida, con distintos niveles para invertir en franquicia y toda la informaci\u00f3n sobre c\u00e1nones, royalties, caracter\u00edsticas del local a franquiciar, financiaci\u00f3n y asesoramiento.<\/p>\n<p>Del\u00a0<strong>18 al 20 de mayo,\u00a0<\/strong>\u00a0el sal\u00f3n celebrar\u00e1 su\u00a0<strong>27.\u00aa edici\u00f3n\u00a0<\/strong>en IFEMA, afianzado como el evento l\u00edder de nuestro pa\u00eds y uno de los grandes referentes de la franquicia del \u00e1mbito internacional.<\/p>\n<p>La edici\u00f3n anterior, Expofranquicia 2022, congreg\u00f3 las propuestas de m\u00e1s de 200 ense\u00f1as y cerr\u00f3 sus puertas con una afluencia de 5.754 visitantes de los cuales un 76,30% de los asistentes a la feria acudi\u00f3 con la intenci\u00f3n de adquirir una franquicia en el plazo m\u00e1ximo de un a\u00f1o. Un 5,4% busca un acuerdo master franquicia en la feria. Fue una convocatoria de gran alcance que recibi\u00f3 visitantes de todas las Comunidades Aut\u00f3nomas espa\u00f1olas y de 32 pa\u00edses.<\/p>\n<p><strong>Madrid Emprende<\/strong>\u00a0participa en esta feria con un\u00a0<strong>estand<\/strong>\u00a0en el que ofreceremos informaci\u00f3n sobre todos los servicios de apoyo al emprendimiento que el Ayuntamiento de Madrid pone a disposici\u00f3n de la ciudadan\u00eda para la puesta en marcha de sus negocios.<\/p>\n<p>Te ofrecemos el\u00a0<strong>acceso gratuito a la feria con nuestro c\u00f3digo de invitaci\u00f3n<\/strong>:\u00a0\u00a0<strong>FQ23AYTO<\/strong><\/p>\n<p><img fetchpriority=\"high\" decoding=\"async\" class=\"alignnone wp-image-13321\" src=\"https:\/\/pre.madridemprende.anovagroup.es\/wp-content\/uploads\/2023\/04\/codigo.jpg\" alt=\"\" width=\"403\" height=\"527\" srcset=\"https:\/\/test.madridemprende.anovagroup.es\/wp-content\/uploads\/2023\/04\/codigo.jpg 554w, https:\/\/test.madridemprende.anovagroup.es\/wp-content\/uploads\/2023\/04\/codigo-230x300.jpg 230w, https:\/\/test.madridemprende.anovagroup.es\/wp-content\/uploads\/2023\/04\/codigo-9x12.jpg 9w\" sizes=\"(max-width: 403px) 100vw, 403px\" \/><\/p>\n<h3>Novedades y servicios<\/h3>\n<p>En esta ocasi\u00f3n, la feria ofrece su <strong>Live Connect<\/strong>, el cual permite disfrutar de contenido profesional ilimitado y exclusivo y benef\u00edciate del networking con profesionales de tu sector durante todo el a\u00f1o. Es un nuevo modelo de relaci\u00f3n y contacto permanente entre clientes y proveedores de todo el mundo que potencia y refuerza la propuesta de valor de la experiencia presencial.<\/p>\n<p>Adem\u00e1s, habr\u00e1 un\u00a0<strong>\u00c1rea de formaci\u00f3n<\/strong>, donde universidades de prestigio impartir\u00e1n cursos adaptados, a aquellos visitantes que quieran adquirir los conocimientos necesarios para empezar a emprender bajo el modelo de franquicia.<\/p>\n<p>Por su parte, en el\u00a0<strong>Business Room<\/strong>, los inversores podr\u00e1n agendar reuniones con las franquicias de su inter\u00e9s, optimizando as\u00ed su agenda de contactos y su estancia en la Feria. Otra ventaja de esta nueva iniciativa del certamen es la posibilidad de asesoramiento financiero e inmobiliario.<\/p>\n<p>Tambi\u00e9n tendr\u00e1n cabida el\u00a0<strong>Foro Escuela de la Franquicia<\/strong>, en el que se desarrollar\u00e1 una intensa agenda de ponencias y mesas redondas, para debatir los temas de m\u00e1s actualidad para el sector, y el\u00a0<strong>Foro Pasarela de la Franquicia<\/strong>, disponible para que los expositores que lo deseen puedan promocionar su modelo de franquicia ante un perfil muy af\u00edn a su negocio.<\/p>\n<p><strong>Usa nuestro c\u00f3digo y no te pierdas Expofranquicia 2023.<\/strong><\/p>\n<p>&nbsp;<\/p>\n<p><img decoding=\"async\" class=\"alignnone size-full wp-image-13310\" src=\"https:\/\/pre.madridemprende.anovagroup.es\/wp-content\/uploads\/2023\/04\/Invitacion-AYUNTAMIENTO-EXPOFRANQUICIA-2023D2.jpg\" alt=\"expofranquicia 2023\" width=\"1716\" height=\"711\" srcset=\"https:\/\/test.madridemprende.anovagroup.es\/wp-content\/uploads\/2023\/04\/Invitacion-AYUNTAMIENTO-EXPOFRANQUICIA-2023D2.jpg 1716w, https:\/\/test.madridemprende.anovagroup.es\/wp-content\/uploads\/2023\/04\/Invitacion-AYUNTAMIENTO-EXPOFRANQUICIA-2023D2-300x124.jpg 300w, https:\/\/test.madridemprende.anovagroup.es\/wp-content\/uploads\/2023\/04\/Invitacion-AYUNTAMIENTO-EXPOFRANQUICIA-2023D2-1024x424.jpg 1024w, https:\/\/test.madridemprende.anovagroup.es\/wp-content\/uploads\/2023\/04\/Invitacion-AYUNTAMIENTO-EXPOFRANQUICIA-2023D2-768x318.jpg 768w, https:\/\/test.madridemprende.anovagroup.es\/wp-content\/uploads\/2023\/04\/Invitacion-AYUNTAMIENTO-EXPOFRANQUICIA-2023D2-1536x636.jpg 1536w, https:\/\/test.madridemprende.anovagroup.es\/wp-content\/uploads\/2023\/04\/Invitacion-AYUNTAMIENTO-EXPOFRANQUICIA-2023D2-18x7.jpg 18w\" sizes=\"(max-width: 1716px) 100vw, 1716px\" \/><\/p>\n","protected":false},"excerpt":{"rendered":"<p>Expofranquicia 2023 presentar\u00e1 las \u00faltimas novedades y oportunidades del sector. Esta edici\u00f3n tendr\u00e1 lugar del 18 al 20 de mayo en IFEMA. \u00a1Usa nuestro c\u00f3digo y canjea tu invitaci\u00f3n!<\/p>\n","protected":false},"featured_media":13326,"template":"","meta":{"_acf_changed":false},"categories":[317],"noticias":[279],"class_list":["post-13308","noticias","type-noticias","status-publish","has-post-thumbnail","hentry","category-noticias","noticias-expofranquicia"],"acf":[],"_links":{"self":[{"href":"https:\/\/test.madridemprende.anovagroup.es\/fr\/wp-json\/wp\/v2\/noticias\/13308"}],"collection":[{"href":"https:\/\/test.madridemprende.anovagroup.es\/fr\/wp-json\/wp\/v2\/noticias"}],"about":[{"href":"https:\/\/test.madridemprende.anovagroup.es\/fr\/wp-json\/wp\/v2\/types\/noticias"}],"version-history":[{"count":0,"href":"https:\/\/test.madridemprende.anovagroup.es\/fr\/wp-json\/wp\/v2\/noticias\/13308\/revisions"}],"wp:featuredmedia":[{"embeddable":true,"href":"https:\/\/test.madridemprende.anovagroup.es\/fr\/wp-json\/wp\/v2\/media\/13326"}],"wp:attachment":[{"href":"https:\/\/test.madridemprende.anovagroup.es\/fr\/wp-json\/wp\/v2\/media?parent=13308"}],"wp:term":[{"taxonomy":"category","embeddable":true,"href":"https:\/\/test.madridemprende.anovagroup.es\/fr\/wp-json\/wp\/v2\/categories?post=13308"},{"taxonomy":"noticias","embeddable":true,"href":"https:\/\/test.madridemprende.anovagroup.es\/fr\/wp-json\/wp\/v2\/noticias?post=13308"}],"curies":[{"name":"wp","href":"https:\/\/api.w.org\/{rel}","templated":true}]}}