{"id":13341,"date":"2023-04-11T17:50:12","date_gmt":"2023-04-11T15:50:12","guid":{"rendered":"https:\/\/pre.madridemprende.anovagroup.es\/?post_type=noticias&#038;p=13341"},"modified":"2023-04-11T17:49:43","modified_gmt":"2023-04-11T15:49:43","slug":"metaverso-laboral","status":"publish","type":"noticias","link":"https:\/\/test.madridemprende.anovagroup.es\/fr\/noticias\/metaverso-laboral\/","title":{"rendered":"Metaverso laboral"},"content":{"rendered":"<ul>\n<li><strong>Seg\u00fan los expertos, las nuevas tecnolog\u00edas acabaran incluidas en nuestro d\u00eda a d\u00eda laboral<\/strong><\/li>\n<li><strong>Las empresas integrar\u00e1n el metaverso, la realidad virtual y la aumentada, entre otros, en sus diversos flujos de trabajo<\/strong><\/li>\n<\/ul>\n<p><strong>\u00a0<\/strong><\/p>\n<h3>Concepto<\/h3>\n<p>Definimos el metaverso como un <strong>universo virtual en l\u00ednea<\/strong> que permite a los usuarios interactuar en un mundo virtual tridimensional en tiempo real. Es una especie de <strong>mundo alternativo<\/strong> en el que los usuarios pueden crear su propia identidad, interactuar con otros usuarios y explorar diversos lugares o escenarios. Aplicado a nuestro entorno de trabajo, se desarrollan escenarios del metaverso laboral.<\/p>\n<h3>Previsiones<\/h3>\n<p>El informe de Microsoft <a href=\"https:\/\/www.microsoft.com\/en-us\/worklab\/work-trend-index\/great-expectations-making-hybrid-work-work\">Work Trend Index de 2022<\/a> ya apuntaba que m\u00e1s de la mitad de los empleados querr\u00edan utilizar espacios inmersivos en el metaverso para reuniones o actividades de equipo. Por otra parte, el 51% de la generaci\u00f3n Z y el 48% de los millennials se imaginan trabajando parcialmente en el metaverso en los pr\u00f3ximos dos a\u00f1os.<\/p>\n<p>En este 2023 estamos viendo que la evoluci\u00f3n e implementaci\u00f3n del metaverso en los diversos sectores no est\u00e1 cumpliendo las expectativas generadas. De hecho, las turbulencias econ\u00f3micas y la explosi\u00f3n de la inteligencia artificial como nueva moda del sector ponen en un segundo plano lo que se ha vendido como el futuro de internet.<\/p>\n<h3>Inversiones<\/h3>\n<p>Mientras el metaverso trata de redefinirse y despegar comercialmente, llaman la atenci\u00f3n los recursos econ\u00f3micos invertidos en este plataforma tecnol\u00f3gica. Desde el 2019 lleva acumulados unos 36.000 millones de d\u00f3lares en inversiones, seg\u00fan los c\u00e1lculos hechos p\u00fablicos por profesor Miguel Ant\u00f3n (IESE), quien se atrevi\u00f3 incluso a dar una clase a sus alumnos en el metaverso.<\/p>\n<h3>Posibilidades del metaverso laboral<\/h3>\n<p>Al margen del escenario actual, hay estudios recientes que ponen de manifiesto la intenci\u00f3n de los inversores de seguir respaldando financieramente esta tecnolog\u00eda durante el pr\u00f3ximo lustro.<\/p>\n<p>La gran mayor\u00eda de ellos predicen que el metaverso ser\u00e1 la pr\u00f3xima fase de internet y vislumbran un futuro en el que este recurso se utilizar\u00e1 cada vez m\u00e1s para reuniones de trabajo, capacitaciones y experiencias de aprendizaje.<\/p>\n<p>Con respecto a regulaciones m\u00e1s estrictas y sus impactos potenciales en la confianza de los inversores, s\u00f3lo una quinta parte de los encuestados dijo que la existencia de regulaciones m\u00e1s estrictas no influye en su confianza.<\/p>\n<p>Por otra parte, los inversores son conscientes de la necesidad de una mejor interoperabilidad entre las plataformas de metaverso, la importancia de una adopci\u00f3n m\u00e1s amplia para fines profesionales y la disponibilidad de hardware m\u00e1s asequible. Y todo ello con preminente aplicaci\u00f3n en el \u00e1mbito laboral.<\/p>\n","protected":false},"excerpt":{"rendered":"<p>Mientras el metaverso trata de redefinirse y despegar comercialmente, llaman la atenci\u00f3n los recursos econ\u00f3micos invertidos en este plataforma tecnol\u00f3gica: desde el 2019 lleva acumulados unos 36.000 millones de d\u00f3lares.<\/p>\n","protected":false},"featured_media":13342,"template":"","meta":{"_acf_changed":false},"categories":[318],"noticias":[232,194],"class_list":["post-13341","noticias","type-noticias","status-publish","has-post-thumbnail","hentry","category-blog","noticias-mercado-laboral","noticias-metaverso"],"acf":[],"_links":{"self":[{"href":"https:\/\/test.madridemprende.anovagroup.es\/fr\/wp-json\/wp\/v2\/noticias\/13341"}],"collection":[{"href":"https:\/\/test.madridemprende.anovagroup.es\/fr\/wp-json\/wp\/v2\/noticias"}],"about":[{"href":"https:\/\/test.madridemprende.anovagroup.es\/fr\/wp-json\/wp\/v2\/types\/noticias"}],"version-history":[{"count":0,"href":"https:\/\/test.madridemprende.anovagroup.es\/fr\/wp-json\/wp\/v2\/noticias\/13341\/revisions"}],"wp:featuredmedia":[{"embeddable":true,"href":"https:\/\/test.madridemprende.anovagroup.es\/fr\/wp-json\/wp\/v2\/media\/13342"}],"wp:attachment":[{"href":"https:\/\/test.madridemprende.anovagroup.es\/fr\/wp-json\/wp\/v2\/media?parent=13341"}],"wp:term":[{"taxonomy":"category","embeddable":true,"href":"https:\/\/test.madridemprende.anovagroup.es\/fr\/wp-json\/wp\/v2\/categories?post=13341"},{"taxonomy":"noticias","embeddable":true,"href":"https:\/\/test.madridemprende.anovagroup.es\/fr\/wp-json\/wp\/v2\/noticias?post=13341"}],"curies":[{"name":"wp","href":"https:\/\/api.w.org\/{rel}","templated":true}]}}