{"id":13585,"date":"2023-05-05T09:07:13","date_gmt":"2023-05-05T07:07:13","guid":{"rendered":"https:\/\/pre.madridemprende.anovagroup.es\/?post_type=noticias&#038;p=13585"},"modified":"2023-05-04T16:14:35","modified_gmt":"2023-05-04T14:14:35","slug":"broche-final-de-los-programas-de-aceleracion-de-vicalvaro-y-san-blas","status":"publish","type":"noticias","link":"https:\/\/test.madridemprende.anovagroup.es\/fr\/noticias\/broche-final-de-los-programas-de-aceleracion-de-vicalvaro-y-san-blas\/","title":{"rendered":"Broche final de los programas de aceleraci\u00f3n de Vic\u00e1lvaro y San Blas"},"content":{"rendered":"<ul>\n<li><strong>Esta primera edici\u00f3n finaliz\u00f3 con el Demo Day, d\u00f3nde los proyectos finalistas presentaron su negocio en formato e<em>levator<\/em> <em>pitch<\/em> ante un jurado de expertos y la comunidad de Madrid Emprende<\/strong><\/li>\n<\/ul>\n<ul>\n<li><strong>Los proyectos acelerados esta edici\u00f3n de UFO y <\/strong><strong>Kubik<\/strong><strong> , se alzan con el reconocimiento al mejor <em>pitch <\/em><\/strong><\/li>\n<\/ul>\n<p><strong>\u00a0<\/strong><\/p>\n<p>El pasado 25 y 26 de abril tuvieron lugar los eventos de Demo Day de la I edici\u00f3n de los Programa de Aceleraci\u00f3n de Vic\u00e1lvaro y San Blas. En estos encuentros llenos de talento e ilusi\u00f3n, los candidatos finalistas tuvieron la oportunidad de presentar sus proyectos en formato <em>elevator pitch<\/em> ante el p\u00fablico y recibir <em>feedback<\/em> individualizado por parte de un jurado de expertos, compuesto por David S\u00e1nchez, Nacho S\u00e1nchez\u00b8 Ignacio de Miguel Xim\u00e9nez\u00b8 Alejandro Hern\u00e1ndez, Nacho Li\u00f1\u00e1n y Rafael de Juan.<\/p>\n<p>Angel Ni\u00f1o, concejal del \u00c1rea de Innovaci\u00f3n y Emprendimiento del Ayuntamiento de Madrid, quiso acompa\u00f1ar a los proyectos acelerados de esta edici\u00f3n mediante la entrega de diplomas y de los premios al Mejor Pitch de los proyectos Ufo y Kubik. Ni\u00f1o clausur\u00f3 el acto animando a todos los emprendedores participantes del programa a emplearse a fondo en \u201csaber comunicar y vender bien su proyecto para lograr tener \u00e9xito e impulsar su negocio\u201d.<\/p>\n<p>Estos Programas de Aceleraci\u00f3n han consistido en 4 meses intensos, donde los finalistas han podido contar con acompa\u00f1amiento personalizado, formaciones espec\u00edficas, sesiones de mentor\u00eda acordes a sus necesidades y encuentros donde han fomentado sus habilidades comunicativas y de liderazgo.<\/p>\n<h3>Vic\u00e1lvaro<\/h3>\n<p>Los proyectos finalistas de esta I edici\u00f3n del Programa de Aceleraci\u00f3n de Vic\u00e1lvaro que han finalizado el programa con \u00e9xito son:<\/p>\n<ul>\n<li><strong>NextPlay;<\/strong> plataforma de orientaci\u00f3n acad\u00e9mica y laboral.<\/li>\n<li><strong>Yungle; <\/strong>red social para seguir, interactuar y conocer a gente en grupo.<\/li>\n<li><strong>Ufo; <\/strong>plataforma para desarrollar juegos online gamificados y personalizados para empresas.<\/li>\n<li><strong>Pawers; <\/strong>app y dispositivo para la localizaci\u00f3n de mascotas en tiempo real.<\/li>\n<li><strong>Careline; <\/strong>tecnolog\u00eda que permite a las personas mayores estar conectadas a trav\u00e9s de un dispositivo que s\u00ed les es conocido.<\/li>\n<li><strong>Fander Libeat; <\/strong><em>marketplace<\/em> de m\u00fasicos y dj para eventos.<\/li>\n<li><strong>Ocio Moda; <\/strong><em>ecommerce<\/em> de camisetas para hombres que no tienen cuerpos esbeltos.<\/li>\n<li><strong>Eureka Soluciones Tecnol\u00f3gicas; <\/strong>venta de gafas de realidad virtual de cart\u00f3n personalizadas.<\/li>\n<li><strong>Agosto Studio; <\/strong><em>ecommerce <\/em>de ropa de ba\u00f1o femenina para j\u00f3venes atrevidas, fabricados en Espa\u00f1a con material reciclado.<\/li>\n<li><strong>UrbaMate; <\/strong>app para gestionar la reserva de instalaciones de uso com\u00fan en las comunidades de vecinos.<\/li>\n<\/ul>\n<h3>San Blas<\/h3>\n<p>Los proyectos finalistas de esta I edici\u00f3n del Programa de Aceleraci\u00f3n de San Blas que han finalizado el programa con \u00e9xito son:<\/p>\n<ul>\n<li><strong>Wiper Gaming;<\/strong> plataforma de <em>e-learning<\/em> para <em>gamers<\/em>.<\/li>\n<li><strong>Kubik; <\/strong>aplicaci\u00f3n y pasarela de pago para hacer pagos compartidos.<\/li>\n<li><strong>Life Games; <\/strong>plataforma de videojuegos de habilidad para competir y apostar entre los jugadores a trav\u00e9s de tokens.<\/li>\n<li><strong>Ctrading; <\/strong>plataforma <em>online<\/em> de marca blanca para profesores, academias e <em>influencers<\/em> del trading de criptomonedas.<\/li>\n<li><strong>M\u00e9todo Iris; <\/strong>escuela online de entrenamiento en habilidades parentales para la estabilidad y felicidad familiar.<\/li>\n<li><strong>Cresory; <\/strong>plataforma de <em>e-learning<\/em> para ense\u00f1ar finanzas personales a ni\u00f1os.<\/li>\n<li><strong>Be Your Packer; <\/strong>cajas de cart\u00f3n para env\u00edos personalizadas en cuanto a medidas y dise\u00f1o.<\/li>\n<li><strong>Filmanidad; <\/strong>escuela <em>online <\/em>de cine, con formaci\u00f3n para futuros actores y otras especialidades online.<\/li>\n<li><strong>Adeoliva; <\/strong><em>ecommerce<\/em> de productos relacionados con el aceite de oliva virgen espa\u00f1ol.<\/li>\n<li><strong>Martina Maletti; <\/strong>tienda de moda de dise\u00f1o para mujer, sostenible y con personalizaci\u00f3n.<\/li>\n<\/ul>\n<p>Durante los eventos los asistentes pudieron conocer todos los proyectos finalistas mediante una presentaci\u00f3n que realizaron cada uno de ellos, as\u00ed como las preguntas que los diferentes miembros del jurado lanzaron a los miembros fundadores. Adem\u00e1s, para paliar los nervios durante la deliberaci\u00f3n del jurado para elegir el pitch ganador del Demo Day, los emprendedores, as\u00ed como todo el p\u00fablico pudo divertirse jugando en directo a trav\u00e9s de sus tel\u00e9fonos m\u00f3viles al test \u201c\u00bfCu\u00e1nto sabes sobre emprendimiento?\u201d<\/p>\n<h3><strong>Ya est\u00e1 en marcha la II edici\u00f3n de los programas de aceleraci\u00f3n de Vic\u00e1lvaro y San Blas<\/strong><\/h3>\n<p>Desde finales del mes de marzo, ya ha arrancado la II edici\u00f3n del Programa de Aceleraci\u00f3n de los viveros de empresas de Vic\u00e1lvaro y San Blas, que se extender\u00e1 hasta el mes de julio con 19 nuevos proyectos e ideas de negocio que ya trabajan en mejorar sus debilidades y enfoques estrat\u00e9gicos junto al equipo del vivero.<\/p>\n<p>Adem\u00e1s, est\u00e1 <strong>abierta la convocatoria de participaci\u00f3n e inscripci\u00f3n<\/strong> para poder formar parte <strong>en la III edici\u00f3n del programa de aceleraci\u00f3n de Vic\u00e1lvaro y San Blas<\/strong> en los siguientes enlaces:<\/p>\n<ul>\n<li>Programa de aceleraci\u00f3n del <strong>vivero de Vic\u00e1lvaro<\/strong>: <a href=\"https:\/\/pre.madridemprende.anovagroup.es\/viveros\/vivero-de-vicalvaro\/\">https:\/\/pre.madridemprende.anovagroup.es\/viveros\/vivero-de-vicalvaro\/<\/a><\/li>\n<li>Programa de aceleraci\u00f3n del <strong>vivero de San Blas<\/strong>: <a href=\"\/bit.ly\/3iWOtnz%20%20\"><u>https:\/\/pre.madridemprende.anovagroup.es\/viveros\/vivero-de-san-blas\/<\/u><\/a><\/li>\n<\/ul>\n<p>&nbsp;<\/p>\n","protected":false},"excerpt":{"rendered":"<p>Esta primera edici\u00f3n finaliz\u00f3 con el Demo Day, d\u00f3nde los proyectos finalistas presentaron su negocio en formato elevator pitch ante un jurado de expertos y la comunidad de Madrid Emprende.<\/p>\n","protected":false},"featured_media":13586,"template":"","meta":{"_acf_changed":false},"categories":[317],"noticias":[229,202],"class_list":["post-13585","noticias","type-noticias","status-publish","has-post-thumbnail","hentry","category-noticias","noticias-programas-de-aceleracion","noticias-viveros"],"acf":[],"_links":{"self":[{"href":"https:\/\/test.madridemprende.anovagroup.es\/fr\/wp-json\/wp\/v2\/noticias\/13585"}],"collection":[{"href":"https:\/\/test.madridemprende.anovagroup.es\/fr\/wp-json\/wp\/v2\/noticias"}],"about":[{"href":"https:\/\/test.madridemprende.anovagroup.es\/fr\/wp-json\/wp\/v2\/types\/noticias"}],"version-history":[{"count":0,"href":"https:\/\/test.madridemprende.anovagroup.es\/fr\/wp-json\/wp\/v2\/noticias\/13585\/revisions"}],"wp:featuredmedia":[{"embeddable":true,"href":"https:\/\/test.madridemprende.anovagroup.es\/fr\/wp-json\/wp\/v2\/media\/13586"}],"wp:attachment":[{"href":"https:\/\/test.madridemprende.anovagroup.es\/fr\/wp-json\/wp\/v2\/media?parent=13585"}],"wp:term":[{"taxonomy":"category","embeddable":true,"href":"https:\/\/test.madridemprende.anovagroup.es\/fr\/wp-json\/wp\/v2\/categories?post=13585"},{"taxonomy":"noticias","embeddable":true,"href":"https:\/\/test.madridemprende.anovagroup.es\/fr\/wp-json\/wp\/v2\/noticias?post=13585"}],"curies":[{"name":"wp","href":"https:\/\/api.w.org\/{rel}","templated":true}]}}