{"id":14800,"date":"2023-09-15T11:29:49","date_gmt":"2023-09-15T09:29:49","guid":{"rendered":"https:\/\/pre.madridemprende.anovagroup.es\/?post_type=noticias&#038;p=14800"},"modified":"2023-09-19T13:46:08","modified_gmt":"2023-09-19T11:46:08","slug":"empresas-seleccionadas-en-el-v-programa-de-aceleracion-de-villaverde","status":"publish","type":"noticias","link":"https:\/\/test.madridemprende.anovagroup.es\/fr\/noticias\/empresas-seleccionadas-en-el-v-programa-de-aceleracion-de-villaverde\/","title":{"rendered":"Empresas seleccionadas en el V programa de aceleraci\u00f3n de Villaverde"},"content":{"rendered":"<ul>\n<li><strong>Acelera Villaverde es un programa de impulso a empresas sociales el que se busca potenciar y fortalecer el actual ecosistema emprendedor de Madrid<\/strong><\/li>\n<li><strong>El programa arranca en octubre<\/strong><\/li>\n<\/ul>\n<h3><\/h3>\n<h3>Programas de aceleraci\u00f3n de los viveros de Madrid Emprende<\/h3>\n<p>En los viveros de empresas de Madrid Emprende se ofrecen <strong>programas de<\/strong><strong>\u00a0<\/strong><strong>aceleraci\u00f3n<\/strong><strong>\u00a0<\/strong>con un asesoramiento avanzado y personalizado, incluyendo\u00a0<em>mentoring<\/em>,\u00a0<em>coaching\u00a0<\/em>y formaci\u00f3n. Adem\u00e1s de estas ventajas tendr\u00e1s la posibilidad de establecer contactos con empresas, emprendedores e inversores gracias a las actividades de <em>networking<\/em>.<\/p>\n<p>Su objetivo es acelerar el lanzamiento o consolidaci\u00f3n de empresas con enfoque innovador, con vocaci\u00f3n de crecimiento, escalabilidad y visi\u00f3n internacional. Adem\u00e1s, cada uno de los viveros realiza 2 convocatorias anuales para las empresas externas a los viveros de la red municipal.<\/p>\n<h3>Programa de aceleraci\u00f3n de Villaverde<\/h3>\n<p><strong>Acelera Villaverde<\/strong> es un programa de impulso a empresas sociales el que se busca potenciar y fortalecer el actual ecosistema emprendedor de Madrid, favoreciendo la consolidaci\u00f3n de empresas basadas en el talento, la innovaci\u00f3n y el aporte de valor a las ideas que fomentan el impacto social mediante el apoyo a las personas, a las ciudades y a la sostenibilidad dentro del ecosistema emprendedor en general.<\/p>\n<p>Estas son las<strong> empresas seleccionadas <\/strong>que van a participar en la <strong>V edici\u00f3n<\/strong> del programa de aceleraci\u00f3n\u00a0del vivero de empresas de Villaverde:<\/p>\n<ol style=\"font-weight: 400;\">\n<li><a href=\"https:\/\/www.stockencapital.com\/\" target=\"_blank\" rel=\"noopener\" data-saferedirecturl=\"https:\/\/www.google.com\/url?q=https:\/\/www.stockencapital.com\/&amp;source=gmail&amp;ust=1694453388365000&amp;usg=AOvVaw3BMESUNVltp7SYQHv6rokp\">Stocken Blockchain Capital SL<\/a><\/li>\n<li>Easyworld<\/li>\n<li><a href=\"https:\/\/ayrelmarketing.es\/\" target=\"_blank\" rel=\"noopener\" data-saferedirecturl=\"https:\/\/www.google.com\/url?q=https:\/\/ayrelmarketing.es\/&amp;source=gmail&amp;ust=1694453388365000&amp;usg=AOvVaw1L2k74Pa1iSuHXhG0l245i\">Ayrel\u00a0<\/a><\/li>\n<li><a href=\"https:\/\/www.live4life.com\/\" target=\"_blank\" rel=\"noopener\" data-saferedirecturl=\"https:\/\/www.google.com\/url?q=https:\/\/www.live4life.com\/&amp;source=gmail&amp;ust=1694453388365000&amp;usg=AOvVaw2pT5IDks6Nh3odZVHZz3jd\">LIVE4LIFE\u00a0<\/a><\/li>\n<li><a href=\"https:\/\/es.wisefox.net\/\" target=\"_blank\" rel=\"noopener\" data-saferedirecturl=\"https:\/\/www.google.com\/url?q=https:\/\/es.wisefox.net\/&amp;source=gmail&amp;ust=1694453388365000&amp;usg=AOvVaw2-Kt8Vel2AquQYMdxKDZcC\">Wisefox\u00a0<\/a><\/li>\n<li><a href=\"https:\/\/trydatatherapy.com\/\" target=\"_blank\" rel=\"noopener\" data-saferedirecturl=\"https:\/\/www.google.com\/url?q=https:\/\/trydatatherapy.com\/&amp;source=gmail&amp;ust=1694453388365000&amp;usg=AOvVaw0rd9gv3Tz_TJpKos4wZOXY\">Datatherapy\u00a0<\/a><\/li>\n<li>KOKUA<\/li>\n<li><a href=\"http:\/\/www.amababycontigo.es\/\" target=\"_blank\" rel=\"noopener\" data-saferedirecturl=\"https:\/\/www.google.com\/url?q=http:\/\/www.amababycontigo.es\/&amp;source=gmail&amp;ust=1694453388365000&amp;usg=AOvVaw1I1an__vKlUjam7OJfF11p\">Creaciones Hybesa SL\u00a0<\/a><\/li>\n<li><a href=\"https:\/\/www.softqbits.com\/\" target=\"_blank\" rel=\"noopener\" data-saferedirecturl=\"https:\/\/www.google.com\/url?q=https:\/\/www.softqbits.com\/&amp;source=gmail&amp;ust=1694453388365000&amp;usg=AOvVaw381ltPI4LFLcgjs1deLbWD\">SoftQbits<\/a><\/li>\n<li><a href=\"https:\/\/getherco.com\/\" target=\"_blank\" rel=\"noopener\" data-saferedirecturl=\"https:\/\/www.google.com\/url?q=https:\/\/getherco.com\/&amp;source=gmail&amp;ust=1694453388365000&amp;usg=AOvVaw2eKhbwFCCGLx3tfQRXbc1X\">Gether\u00a0<\/a><\/li>\n<\/ol>\n<p>&nbsp;<\/p>\n<p style=\"font-weight: 400;\">El programa arrancar\u00e1 con una jornada de <strong>bienvenida durante el mes de octubre<\/strong> y finalizar\u00e1 con el <em>demo day<\/em>\u00a0en enero de 2024.<\/p>\n","protected":false},"excerpt":{"rendered":"<p>El vivero de empresas de Villaverde ya ha seleccionado las empresas que van a participar en la quinta edici\u00f3n de su programa de aceleraci\u00f3n.<\/p>\n","protected":false},"featured_media":14858,"template":"","meta":{"_acf_changed":false},"categories":[317],"noticias":[215,116],"class_list":["post-14800","noticias","type-noticias","status-publish","has-post-thumbnail","hentry","category-noticias","noticias-programa-de-aceleracion","noticias-villaverde"],"acf":[],"_links":{"self":[{"href":"https:\/\/test.madridemprende.anovagroup.es\/fr\/wp-json\/wp\/v2\/noticias\/14800"}],"collection":[{"href":"https:\/\/test.madridemprende.anovagroup.es\/fr\/wp-json\/wp\/v2\/noticias"}],"about":[{"href":"https:\/\/test.madridemprende.anovagroup.es\/fr\/wp-json\/wp\/v2\/types\/noticias"}],"version-history":[{"count":0,"href":"https:\/\/test.madridemprende.anovagroup.es\/fr\/wp-json\/wp\/v2\/noticias\/14800\/revisions"}],"wp:featuredmedia":[{"embeddable":true,"href":"https:\/\/test.madridemprende.anovagroup.es\/fr\/wp-json\/wp\/v2\/media\/14858"}],"wp:attachment":[{"href":"https:\/\/test.madridemprende.anovagroup.es\/fr\/wp-json\/wp\/v2\/media?parent=14800"}],"wp:term":[{"taxonomy":"category","embeddable":true,"href":"https:\/\/test.madridemprende.anovagroup.es\/fr\/wp-json\/wp\/v2\/categories?post=14800"},{"taxonomy":"noticias","embeddable":true,"href":"https:\/\/test.madridemprende.anovagroup.es\/fr\/wp-json\/wp\/v2\/noticias?post=14800"}],"curies":[{"name":"wp","href":"https:\/\/api.w.org\/{rel}","templated":true}]}}