{"id":6700,"date":"2013-12-18T00:00:00","date_gmt":"2013-12-18T00:00:00","guid":{"rendered":"https:\/\/pre.madridemprende.anovagroup.es\/noticias\/madrid-emprende-colabora-con-asecom-acotex-y-mfshow-en-la-semana-de-la-moda-masculina\/"},"modified":"2022-06-08T11:36:41","modified_gmt":"2022-06-08T09:36:41","slug":"madrid-emprende-colabora-con-asecom-acotex-y-mfshow-en-la-semana-de-la-moda-masculina","status":"publish","type":"noticias","link":"https:\/\/test.madridemprende.anovagroup.es\/fr\/noticias\/madrid-emprende-colabora-con-asecom-acotex-y-mfshow-en-la-semana-de-la-moda-masculina\/","title":{"rendered":"Madrid Emprende colabora con Asecom, Acotex y MFSHOW en la Semana de la Moda Masculina"},"content":{"rendered":"<p>La primera pasarela de moda masculina que se celebra en Espa\u00f1a, MFSHOW, organiza, con el apoyo de Madrid Emprende y Asecom, su segunda edici\u00f3n en el centro Conde Duque los pr\u00f3ximos d\u00edas 20, 21, 22 y 23 de enero.<\/p>\n<p>Esta implicaci\u00f3n de Madrid Emprende en el proyecto MFSHOW se inscribe dentro de su estrategia de apoyo a la industria textil y coincide con la ampliaci\u00f3n de sus competencias en materia de promoci\u00f3n del comercio, tras convertirse en direcci\u00f3n general del Ayuntamiento de Madrid.<\/p>\n<p>En esta ocasi\u00f3n ser\u00e1n once las firmas que dar\u00e1n a conocer sus propuestas para la pr\u00f3xima colecci\u00f3n de oto\u00f1o\/invierno.\u00a0 Como gran novedad, habr\u00e1 una serie de actividades, rutas comerciales y gastron\u00f3micas que se celebrar\u00e1n la semana de los desfiles con el objetivo de dinamizar el sector hostelero de Madrid.<\/p>\n","protected":false},"excerpt":{"rendered":"<p>La primera pasarela de moda masculina que se celebra en Espa\u00f1a, MFSHOW,&#8230;<\/p>\n","protected":false},"featured_media":6701,"template":"","meta":{"_acf_changed":false},"categories":[],"noticias":[],"class_list":["post-6700","noticias","type-noticias","status-publish","has-post-thumbnail","hentry"],"acf":[],"_links":{"self":[{"href":"https:\/\/test.madridemprende.anovagroup.es\/fr\/wp-json\/wp\/v2\/noticias\/6700"}],"collection":[{"href":"https:\/\/test.madridemprende.anovagroup.es\/fr\/wp-json\/wp\/v2\/noticias"}],"about":[{"href":"https:\/\/test.madridemprende.anovagroup.es\/fr\/wp-json\/wp\/v2\/types\/noticias"}],"version-history":[{"count":0,"href":"https:\/\/test.madridemprende.anovagroup.es\/fr\/wp-json\/wp\/v2\/noticias\/6700\/revisions"}],"wp:featuredmedia":[{"embeddable":true,"href":"https:\/\/test.madridemprende.anovagroup.es\/fr\/wp-json\/wp\/v2\/media\/6701"}],"wp:attachment":[{"href":"https:\/\/test.madridemprende.anovagroup.es\/fr\/wp-json\/wp\/v2\/media?parent=6700"}],"wp:term":[{"taxonomy":"category","embeddable":true,"href":"https:\/\/test.madridemprende.anovagroup.es\/fr\/wp-json\/wp\/v2\/categories?post=6700"},{"taxonomy":"noticias","embeddable":true,"href":"https:\/\/test.madridemprende.anovagroup.es\/fr\/wp-json\/wp\/v2\/noticias?post=6700"}],"curies":[{"name":"wp","href":"https:\/\/api.w.org\/{rel}","templated":true}]}}