{"id":6730,"date":"2014-07-25T00:00:00","date_gmt":"2014-07-25T00:00:00","guid":{"rendered":"https:\/\/pre.madridemprende.anovagroup.es\/noticias\/madrid-emprende-y-yo-dona-convocan-el-premio-emprendedoras-2014\/"},"modified":"2022-06-08T11:36:37","modified_gmt":"2022-06-08T09:36:37","slug":"madrid-emprende-y-yo-dona-convocan-el-premio-emprendedoras-2014","status":"publish","type":"noticias","link":"https:\/\/test.madridemprende.anovagroup.es\/fr\/noticias\/madrid-emprende-y-yo-dona-convocan-el-premio-emprendedoras-2014\/","title":{"rendered":"Madrid Emprende y Yo Dona convocan el Premio Emprendedoras 2014"},"content":{"rendered":"<table border=\"1\" cellpadding=\"1\" cellspacing=\"1\" style=\"width: 700px;\">\n<tbody>\n<tr>\n<td>\n<div style=\"margin-left: 40px;\"> \t\t\t<strong>FINALISTAS DEL PREMIO EMPRENDEDORAS 2014<\/strong><\/div>\n<ul style=\"margin-left: 80px;\">\n<li>Ana Torregrosa Pisonero<\/li>\n<li>Sara Benavente Rodr\u00edguez, por su proyecto\u00a0DORJE<\/li>\n<li>Inmaculada Grueso Coronado, por su proyecto\u00a0SMILEAT<\/li>\n<li>Aitana Tol\u00f3n Lucas, por su proyecto\u00a0KITchenGARDEN<\/li>\n<li>Maria Gutierrez,\u00a0Eva L\u00f3pez, Yolanda Men\u00e9ndez y Laura Torrico, por su proyecto MUYMIYO<\/li>\n<li>Lola Iba\u00f1ez Fern\u00e1ndez de Lis<\/li>\n<li>Irene Mu\u00f1oz\u00a0Yag\u00fce, por su proyecto\u00a0OH MY CHIC!\u00a0<\/li>\n<li>Isabel P\u00e9rez-Salas\u00a0y\u00a0Mar\u00eda Jos\u00e9 Peidr\u00f3, por su proyecto\u00a0ORIGEN BOBAL<\/li>\n<li>Laura Perez Ortega y Cecilia Nu\u00f1ez, por su proyecto\u00a0LOLA BLUM<\/li>\n<li>Maria-Christina Rus Dumitrescu, por su proyecto\u00a0SPACES\u00a0ON<\/li>\n<li>Lola R\u00faa Ayll\u00f3n, por su proyecto EF\u00c9MERA\u00a0<\/li>\n<li>Sonia L\u00f3pez Mera y Blanca Valverde Grimaldi, por su proyecto\u00a0MRBROC<\/li>\n<li>Natalia Serrano Serrano, por su proyecto\u00a0TAKECOFFEE<\/li>\n<li>Tamara Cabezudo Merino, por su proyecto\u00a0COOKITA<\/li>\n<li>Fedra Valderrey Aldonza<\/li>\n<\/ul>\n<div style=\"margin-left: 40px;\">Consulta <a href=\"https:\/\/pre.madridemprende.anovagroup.es\/NoticiasFicha.asp?ccClave=101&#038;Celebrada-la-primera-fase-del-Premio-Emprendedoras-2014-de-Yo-Dona-y-Madrid-Emprende\">AQUI<\/a>\u00a0todos los detalles y las fotos del evento<\/div>\n<\/td>\n<\/tr>\n<\/tbody>\n<\/table>\n<p> \u00a0  <\/p>\n<ul>\n<li>Es la cuarta edici\u00f3n de un concurso destinado a descubrir y potenciar el talento empresarial de las mujeres emprendedoras<\/li>\n<li>Las aspirantes desarrollar\u00e1n durante dos meses su plan de empresa en el Vivero de Puente de Vallecas con ayuda de mentoras de Bodabook, Womenalia y Esade con vistas a exponerlo en el <em>Demo Day<\/em> ante un jurado de expertos<\/li>\n<li>La ganadora recibir\u00e1 el amadrinamiento de una empresaria de \u00e9xito y tendr\u00e1 matr\u00edcula gratuita en el programa de su elecci\u00f3n en el Centro Universitario Villanueva, adem\u00e1s de poder instalar su negocio en Madrid International Lab y obtener visibilidad para su proyecto en la revista femenina y en la red de mujeres profesionales<\/li>\n<li>Habr\u00e1 tambi\u00e9n una categor\u00eda especial que recompensar\u00e1 el mejor proyecto del sector de la moda y la belleza con un master especializado \u00a0<\/li>\n<\/ul>\n<p>Se abre una buena oportunidad para las mujeres que buscan un impulso decisivo en su carrera hacia el \u00e9xito. Madrid Emprende y Yo Dona convocan la <a href=\"\/Intranet\/images_load\/Presentacion Premio Emprendedoras 2014.pdf\">cuarta edici\u00f3n del Premio Emprendedoras<\/a>, una iniciativa que recompensa no s\u00f3lo las ideas, sino tambi\u00e9n el trabajo que se desarrolla para hacerlas realidad.<\/p>\n<p><span style=\"line-height: 1.6em;\">Para decidir qui\u00e9n es merecedora del galard\u00f3n, las participantes tendr\u00e1n que superar un concurso que tendr\u00e1 como primera prueba un <\/span><em style=\"line-height: 1.6em;\">elevador pitch<\/em><span style=\"line-height: 1.6em;\">\u00a0 en el que tendr\u00e1n \u00fanicamente un minuto y medio para convencer al jurado de las bondades de idea de negocio. Las 15 emprendedoras seleccionadas tendr\u00e1n a su disposici\u00f3n los espacios y servicios de asesoramiento del Vivero de Empresas de Puente de Vallecas durante dos meses para desarrollar su plan de negocio. En esta fase, las participantes tambi\u00e9n recibir\u00e1n consejos de M\u00aa Jos\u00e9 Navarro (Bodabook), Pilar Roch y Beatriz Garc\u00eda-Quismondo (Womenalia), Mar Barbero (Esade) y Marta Torres (Centro Universitario Villanueva).<\/span><\/p>\n<p>Quienes hayan demostrado talento y compromiso en la etapa anterior defender\u00e1n su proyecto empresarial en el Demo Day, momento en que el jurado compuesto por todas las entidades participantes decidir\u00e1 la ganadora.<\/p>\n<p><strong style=\"line-height: 1.6em;\">Un fuerte respaldo<\/strong><\/p>\n<p>Madrid Emprende conceder\u00e1 a la merecedora del Premio Emprendedora un a\u00f1o de estancia gratuita en su incubadora Madrid International Lab y el Centro Universitario Villanueva le eximir\u00e1 del pago de la matr\u00edcula en el curso formativo que ella elija. Adem\u00e1s, la futura empresaria contar\u00e1 con el amadrinamiento de una figura de primer nivel del mundo de los negocios y ser\u00e1 entrevistada en Yo Dona y Womenalia.<\/p>\n<p>Como novedad este a\u00f1o, habr\u00e1 premio especial para el mejor proyecto relacionado con la moda y belleza. En este caso, la emprendedora podr\u00e1 inscribirse sin coste alguno en el m\u00e1ster de Comunicaci\u00f3n Telva &#038;Yo Dona del grupo Unidad Editorial.<\/p>\n<p><strong style=\"line-height: 1.6em;\">Elevador pitch,\u00a0<\/strong><span style=\"line-height: 1.6em;\">el 2 de octubre a las 15:30h en el Vivero de Empresas de Puente de Vallecas (c\/ La Diligencia 9, Madrid)<\/span><\/p>\n<p>\u00a0<\/p>\n","protected":false},"excerpt":{"rendered":"<p> \t \t\t \t\t\t \t\t\t \t\t\tFINALISTAS DEL PREMIO EMPRENDEDORAS 2014  \t\t\t \t\t\t\tAna&#8230;<\/p>\n","protected":false},"featured_media":6731,"template":"","meta":{"_acf_changed":false},"categories":[],"noticias":[],"class_list":["post-6730","noticias","type-noticias","status-publish","has-post-thumbnail","hentry"],"acf":[],"_links":{"self":[{"href":"https:\/\/test.madridemprende.anovagroup.es\/fr\/wp-json\/wp\/v2\/noticias\/6730"}],"collection":[{"href":"https:\/\/test.madridemprende.anovagroup.es\/fr\/wp-json\/wp\/v2\/noticias"}],"about":[{"href":"https:\/\/test.madridemprende.anovagroup.es\/fr\/wp-json\/wp\/v2\/types\/noticias"}],"version-history":[{"count":0,"href":"https:\/\/test.madridemprende.anovagroup.es\/fr\/wp-json\/wp\/v2\/noticias\/6730\/revisions"}],"wp:featuredmedia":[{"embeddable":true,"href":"https:\/\/test.madridemprende.anovagroup.es\/fr\/wp-json\/wp\/v2\/media\/6731"}],"wp:attachment":[{"href":"https:\/\/test.madridemprende.anovagroup.es\/fr\/wp-json\/wp\/v2\/media?parent=6730"}],"wp:term":[{"taxonomy":"category","embeddable":true,"href":"https:\/\/test.madridemprende.anovagroup.es\/fr\/wp-json\/wp\/v2\/categories?post=6730"},{"taxonomy":"noticias","embeddable":true,"href":"https:\/\/test.madridemprende.anovagroup.es\/fr\/wp-json\/wp\/v2\/noticias?post=6730"}],"curies":[{"name":"wp","href":"https:\/\/api.w.org\/{rel}","templated":true}]}}