{"id":6742,"date":"2014-09-23T00:00:00","date_gmt":"2014-09-23T00:00:00","guid":{"rendered":"https:\/\/pre.madridemprende.anovagroup.es\/noticias\/madrid-emprende-participo-en-la-jornada-el-emprendimiento-joven-como-via-para-potenciar-la-recuperacion-economica-de-europa\/"},"modified":"2022-06-08T11:36:36","modified_gmt":"2022-06-08T09:36:36","slug":"madrid-emprende-participo-en-la-jornada-el-emprendimiento-joven-como-via-para-potenciar-la-recuperacion-economica-de-europa","status":"publish","type":"noticias","link":"https:\/\/test.madridemprende.anovagroup.es\/fr\/noticias\/madrid-emprende-participo-en-la-jornada-el-emprendimiento-joven-como-via-para-potenciar-la-recuperacion-economica-de-europa\/","title":{"rendered":"Madrid Emprende particip\u00f3 en la jornada \u00abEl emprendimiento joven como v\u00eda para potenciar la recuperaci\u00f3n econ\u00f3mica de Europa\u00bb"},"content":{"rendered":"<p style=\"background-position: initial initial; background-repeat: initial initial;\"><span style=\"font-size:11.0pt;font-family:Arial; color:#141823\">El pasado martes 23 de septiembre tuvo lugar la jornada \u201c<b>El emprendimiento joven como v\u00eda para potenciar la recuperaci\u00f3n econ\u00f3mica de Europa<\/b>\u201d, en la que se analiz\u00f3 el papel de los nuevos emprendedores en la creaci\u00f3n de empleo y en el desarrollo econ\u00f3mico en el \u00e1mbito de <st1:personname productid=\"la Uni\u00c3?\u00c2\u00b3n Europea.\" w:st=\"on\">la Uni\u00f3n Europea.<\/st1:personname><o:p><\/o:p><\/span><\/p>\n<p style=\"background-position: initial initial; background-repeat: initial initial;\"><span style=\"font-size:11.0pt;font-family:Arial; color:#141823\">La jornada, que tuvo lugar en los locales de la <b>CEOE <\/b>(Confederaci\u00f3n Espa\u00f1ola de Organizaciones Empresariales), en <st1:personname productid=\"la calle Pr\u00c3?\u00c2\u00adncipe\" w:st=\"on\">la calle Pr\u00edncipe<\/st1:personname> de Vergara 74 de Madrid, fue organizada por <b>CEAJE<\/b> (Confederaci\u00f3n Espa\u00f1ola de J\u00f3venes Empresarios), y cont\u00f3 con la participaci\u00f3n del director de <b>Madrid Emprende<\/b>, <b>Pedro Gonz\u00e1lez Torroba<\/b>.<o:p><\/o:p><\/span><\/p>\n<p style=\"background-position: initial initial; background-repeat: initial initial;\"><span style=\"font-size:11.0pt;font-family:Arial; color:#141823\">La primera ponencia de la jornada fue \u00ab<b>Impacto Econ\u00f3mico sobre el emprendimiento en Europa<\/b>\u00ab, a cargo de <b>Borja Vivanco<\/b>, t\u00e9cnico de <b>Inveslan<\/b>, entidad adherida a la Estrategia de Emprendimiento y Empleo joven 2016.<o:p><\/o:p><\/span><\/p>\n<p style=\"background-position: initial initial; background-repeat: initial initial;\"><span style=\"font-size:11.0pt;font-family:Arial; color:#141823\">A continuaci\u00f3n <b>Ra\u00fal Onaindia<\/b>, responsable del Departamento de Incubadoras de Empresas de la <b>Universidad de Deust<\/b><b>o,<\/b> habl\u00f3 de \u00abEl valor de una buena relaci\u00f3n. Una praxis real: la Universidad de Deusto\u00bb.<o:p><\/o:p><\/span><\/p>\n<p style=\"background-position: initial initial; background-repeat: initial initial;\"><span style=\"font-size:11.0pt;font-family:Arial; color:#141823\">La \u00faltima parte de la jornada consisti\u00f3 en una mesa redonda titulada \u00ab<b>Emprendimiento joven y recuperaci\u00f3n econ\u00f3mica<\/b>\u00ab, en la que participaron Ra\u00fal Onaindia; Pedro Gonz\u00e1lez Torroba; as\u00ed como <b>Juan Merino<\/b>, presidente de CEAJE como moderador; y <b>David Basilio<\/b>, vicepresidente de AJE Madrid (Asociaci\u00f3n de J\u00f3venes Empresarios de Madrid).<o:p><\/o:p><\/span><\/p>\n<p style=\"background-position: initial initial; background-repeat: initial initial;\"><span style=\"font-size:11.0pt;font-family:Arial; color:#141823\">En su intervenci\u00f3n, Pedro Gonz\u00e1lez Torroba explic\u00f3 los servicios que Madrid Emprende ofrece a los emprendedores. Pedro Gonz\u00e1lez dijo que \u00abMadrid es una ciudad abierta, la ventanilla \u00fanica atiende a cualquier ciudadano, resida o no en Madrid\u00bb, y en referencia al concepto de Smart City opin\u00f3 que \u00abel desarrollo de las ciudades ya no pasa por t\u00e9cnicos municipales, sino por los ciudadanos\u00bb.<o:p><\/o:p><\/span><\/p>\n<p style=\"background-position: initial initial; background-repeat: initial initial;\"><span style=\"font-size:11.0pt;font-family:Arial; color:#141823\">Ra\u00fal Onaindia consider\u00f3 que la red de relaciones es una de las claves para el \u00e9xito de un proyecto, ya que \u00abuna buena red relacional hace m\u00e1s s\u00f3lida a tu startup\u00bb.<o:p><\/o:p><\/span><\/p>\n<p style=\"background-position: initial initial; background-repeat: initial initial;\"><span style=\"font-size:11.0pt;font-family:Arial; color:#141823\">La jornada fue clausurada por el presidente de la CEOE, <b>Juan Rosell<\/b>, quien puso en valor el papel de los nuevos emprendedores y destac\u00f3 la importancia del relevo generacional para que lleguen nuevas ideas.<o:p><\/o:p><\/span><\/p>\n","protected":false},"excerpt":{"rendered":"<p>El pasado martes 23 de septiembre tuvo lugar la jornada \u201cEl emprendimiento&#8230;<\/p>\n","protected":false},"featured_media":6743,"template":"","meta":{"_acf_changed":false},"categories":[],"noticias":[],"class_list":["post-6742","noticias","type-noticias","status-publish","has-post-thumbnail","hentry"],"acf":[],"_links":{"self":[{"href":"https:\/\/test.madridemprende.anovagroup.es\/fr\/wp-json\/wp\/v2\/noticias\/6742"}],"collection":[{"href":"https:\/\/test.madridemprende.anovagroup.es\/fr\/wp-json\/wp\/v2\/noticias"}],"about":[{"href":"https:\/\/test.madridemprende.anovagroup.es\/fr\/wp-json\/wp\/v2\/types\/noticias"}],"version-history":[{"count":0,"href":"https:\/\/test.madridemprende.anovagroup.es\/fr\/wp-json\/wp\/v2\/noticias\/6742\/revisions"}],"wp:featuredmedia":[{"embeddable":true,"href":"https:\/\/test.madridemprende.anovagroup.es\/fr\/wp-json\/wp\/v2\/media\/6743"}],"wp:attachment":[{"href":"https:\/\/test.madridemprende.anovagroup.es\/fr\/wp-json\/wp\/v2\/media?parent=6742"}],"wp:term":[{"taxonomy":"category","embeddable":true,"href":"https:\/\/test.madridemprende.anovagroup.es\/fr\/wp-json\/wp\/v2\/categories?post=6742"},{"taxonomy":"noticias","embeddable":true,"href":"https:\/\/test.madridemprende.anovagroup.es\/fr\/wp-json\/wp\/v2\/noticias?post=6742"}],"curies":[{"name":"wp","href":"https:\/\/api.w.org\/{rel}","templated":true}]}}