{"id":6772,"date":"2012-11-27T00:00:00","date_gmt":"2012-11-27T00:00:00","guid":{"rendered":"https:\/\/pre.madridemprende.anovagroup.es\/noticias\/coffee-break-con-rafael-garrido-emprendedor-e-inversor-y-consejero-delegado-de-vitamina-k\/"},"modified":"2022-06-08T11:36:43","modified_gmt":"2022-06-08T09:36:43","slug":"coffee-break-con-rafael-garrido-emprendedor-e-inversor-y-consejero-delegado-de-vitamina-k","status":"publish","type":"noticias","link":"https:\/\/test.madridemprende.anovagroup.es\/fr\/noticias\/coffee-break-con-rafael-garrido-emprendedor-e-inversor-y-consejero-delegado-de-vitamina-k\/","title":{"rendered":"Coffee Break con Rafael Garrido, emprendedor e inversor y consejero delegado de Vitamina K"},"content":{"rendered":"<p>El pasado 26 de octubre, tuvo lugar un Coffee Break con emprendedores en el Vivero de Empresas de Vic\u00e1lvaro. El invitado en esta ocasi\u00f3n fue Rafael Garrido (@rafaelgarrido).<\/p>\n<p> Rafael Garrido es un emprendedor en serie y uno de los m\u00e1s activos inversores en startups de Espa\u00f1a en la actualidad. Con una amplia experiencia en el sector tecnol\u00f3gico (fue director de Desarrollo de Negocio de Teknoland), Rafael es fundador de Secuoyas, una de las mayores agencias de dise\u00f1o web y multimedia de Espa\u00f1a.<\/p>\n<p> Como inversor en startups, ha participado en el lanzamiento de varias compa\u00f1\u00edas (Bubok, Vodka Capital, Mimub entre otras) y en 2011 funda el venture capital Vitamina K para invertir en las fases iniciales de empresas de base tecnol\u00f3gica. Actualmente es su consejero delegado.<\/p>\n<p> La motivaci\u00f3n para emprender<br \/> Rafa Garrido dice que \u00aben mi tarjeta dice que soy inversor, pero ante todo soy emprendedor\u00bb, y aclara que \u00absoy emprendedor por accidente. Con 26 a\u00f1os, la empresa en la que trabajaba quebr\u00f3\u00bb.<\/p>\n<p> Tambi\u00e9n explica que \u00abhay gente que empieza pensando en vender luego su empresa, pero cuando emprendo, yo lo hago por motivaci\u00f3n personal\u00bb. Para \u00e9l, \u00abemprender es como una drogadicci\u00f3n\u00bb, y aconseja: \u00abno busqueis pelotazos, construid negocios sostenibles en el tiempo, que os den de comer y creen empleo\u00bb.<\/p>\n<p> <strong>Las tres Tes y la P<\/strong><\/p>\n<p> Para Rafa Garrido son fundamentales \u00ablas tres Tes: talento, trabajo y tes\u00f3n\u00bb, acompa\u00f1adas por \u00abla P de pasi\u00f3n\u00bb.<\/p>\n<p> En cuanto a la primera T, Rafa recomienda: \u00abRodeaos de talento. Es mejor que estar s\u00f3lo, y cuatro ojos ven m\u00e1s que dos\u00bb. A este respecto, Rafael nos dice que \u00abes fundamental tener a alguien que sepa en la parte financiera\u00bb, ya que \u00ablas compa\u00f1\u00edas no quiebran directamente, tienen p\u00e9rdidas y luego se desestructuran\u00bb.<\/p>\n<p> Ante la pregunta de con qu\u00e9 tipo de gente se asocia, Rafa responde que \u00aben mi caso, gente que conozco, antiguos compa\u00f1eros, empleados&#8230; lo ideal es ser complementario\u00bb.<\/p>\n<p> <strong>El esp\u00edritu emprendedor<\/strong><\/p>\n<p> Preguntado por c\u00f3mo actuar\u00eda si sus hijos le dijeran que quieren emprender, Rafael Garrido cuenta que \u00abhered\u00e9 el esp\u00edritu emprendedor de mis padres. Les ayudar\u00eda en todo menos con el dinero, eso deben busc\u00e1rselo ellos\u00bb.<\/p>\n<p> Rafa piensa que \u00abel que las cosas no salgan bien es parte del juego. Si fracasas, no te vayas llorando a casa. Di: a por la siguiente\u00bb. \u00abSi vas a montar una compa\u00f1\u00eda, tienes que saber lo que vas a hacer. Si no lo ves claro, ve a por otra cosa\u00bb.<\/p>\n<p> <strong>Vitamina K. El emprendedor ante el inversor<\/strong><\/p>\n<p> Rafael Garrido dice que \u00absi tu no crees en tu empresa, nadie pondr\u00e1 dinero en ella\u00bb. \u00abEl \u00e9xito de las compa\u00f1\u00edas no es conseguir financiaci\u00f3n. Es conseguir clientes y beneficios\u00bb.<\/p>\n<p> Rafa explica que \u00abEn Vitamina K no invertimos en PowerPoints, porque tiene m\u00e1s riesgo. Salvo excepcionalmente porque el emprendedor lo valga, no entramos en proyectos que no est\u00e9n testados, tienen que estar funcionando\u00bb.<\/p>\n<p> Como es costumbre en los Coffee Break, tras conversar con los asistentes, Rafael Garrido dej\u00f3 escrita una frase en una ventana del Vivero de Vic\u00e1lvaro: \u00abT al cubo + P (Talento, trabajo, tes\u00f3n + pasi\u00f3n)\u00bb.<\/p>\n<p> Podr\u00e9is ver pr\u00f3ximamente el v\u00eddeo de este Coffee Break en la web de <a href=\"http:\/\/www.TeleNegocios.es\">TeleNegocios.es<\/a><\/p>\n","protected":false},"excerpt":{"rendered":"<p>El pasado 26 de octubre, tuvo lugar un Coffee Break con emprendedores en el&#8230;<\/p>\n","protected":false},"featured_media":6773,"template":"","meta":{"_acf_changed":false},"categories":[],"noticias":[],"class_list":["post-6772","noticias","type-noticias","status-publish","has-post-thumbnail","hentry"],"acf":[],"_links":{"self":[{"href":"https:\/\/test.madridemprende.anovagroup.es\/fr\/wp-json\/wp\/v2\/noticias\/6772"}],"collection":[{"href":"https:\/\/test.madridemprende.anovagroup.es\/fr\/wp-json\/wp\/v2\/noticias"}],"about":[{"href":"https:\/\/test.madridemprende.anovagroup.es\/fr\/wp-json\/wp\/v2\/types\/noticias"}],"version-history":[{"count":0,"href":"https:\/\/test.madridemprende.anovagroup.es\/fr\/wp-json\/wp\/v2\/noticias\/6772\/revisions"}],"wp:featuredmedia":[{"embeddable":true,"href":"https:\/\/test.madridemprende.anovagroup.es\/fr\/wp-json\/wp\/v2\/media\/6773"}],"wp:attachment":[{"href":"https:\/\/test.madridemprende.anovagroup.es\/fr\/wp-json\/wp\/v2\/media?parent=6772"}],"wp:term":[{"taxonomy":"category","embeddable":true,"href":"https:\/\/test.madridemprende.anovagroup.es\/fr\/wp-json\/wp\/v2\/categories?post=6772"},{"taxonomy":"noticias","embeddable":true,"href":"https:\/\/test.madridemprende.anovagroup.es\/fr\/wp-json\/wp\/v2\/noticias?post=6772"}],"curies":[{"name":"wp","href":"https:\/\/api.w.org\/{rel}","templated":true}]}}