{"id":6776,"date":"2013-01-29T00:00:00","date_gmt":"2013-01-29T00:00:00","guid":{"rendered":"https:\/\/pre.madridemprende.anovagroup.es\/noticias\/coffee-break-con-javier-alonso-ceo-de-intexmedia-y-organizador-de-theevnt\/"},"modified":"2022-06-08T11:36:42","modified_gmt":"2022-06-08T09:36:42","slug":"coffee-break-con-javier-alonso-ceo-de-intexmedia-y-organizador-de-theevnt","status":"publish","type":"noticias","link":"https:\/\/test.madridemprende.anovagroup.es\/fr\/noticias\/coffee-break-con-javier-alonso-ceo-de-intexmedia-y-organizador-de-theevnt\/","title":{"rendered":"Coffee Break con Javier Alonso, CEO de Intexmedia y organizador de theEvnt"},"content":{"rendered":"<p>El pasado viernes 25 de enero tuvo lugar un Coffee Break en el Vivero de empresas de Vic\u00e1lvaro.<br \/> \u00a0<br \/> El invitado en esta ocasi\u00f3n fue Javier Alonso (@oyabun), CEO de Intexmedia. Intexmedia es un grupo de empresas dedicado al dise\u00f1o, gesti\u00f3n y mantenimiento de sus propios portales web. En la actualidad el grupo cuenta con 44 portales de diversas tem\u00e1ticas en 9 idiomas distintos, y ha superado los 10.000.000.000 de p\u00e1ginas vistas desde su creaci\u00f3n. Su holding de empresas y proyectos digitales es un aut\u00e9ntico ejemplo de internacionalizaci\u00f3n exitosa en internet, especialmente rese\u00f1able al no operar desde ninguna gran ciudad espa\u00f1ola.<br \/> \u00a0<br \/> Javier, que tambi\u00e9n es inversor en proyectos digitales en fase semilla, promotor de la iniciativa Bellota Valley, CIO de Uvalent y organizador de theEvnt, vino acompa\u00f1ado por Enrique Barrasa, director general de Inversiones y Acci\u00f3n Exterior del Gobierno de Extremadura.<\/p>\n<p> \u00a0<br \/> <strong>Centrarse en unos pocos objetivos, y medirlos<\/strong><\/p>\n<p> En opini\u00f3n de Javier es mejor tener unos pocos objetivos que realmente se vayan a cumplir: \u00aben Intexmedia, si tenemos cuatro objetivos, todas nuestras acciones est\u00e1n enfocadas a conseguirlos\u00bb.<br \/> \u00a0<br \/> A este respecto, considera que es fundamental evaluarlos de forma regular: \u00abAlgo muy importante, no s\u00f3lo si vuestra empresa es de Internet: no perd\u00e1is de vista vuestros KPIs\u00bb.<br \/> \u00a0<br \/> Los KPIs son los Key Performance Indicators (indicadores clave de desempe\u00f1o), los principales par\u00e1metros que te permiten ver, entre otras cosas, d\u00f3nde est\u00e1 tu negocio respecto a los objetivos marcados.<br \/> \u00a0<br \/> En cuanto a marcarse objetivos en redes sociales, Javier recuerda que \u00abtener muchos fans en las redes sociales no es lo importante, sino qu\u00e9 hacer con ellos cuando los tienes\u00bb.<br \/> \u00a0<br \/> Una clave para conseguir los objetivos de tu organizaci\u00f3n es el equipo. Javier recomienda: \u00abno teng\u00e1is un perfil homog\u00e9neo en vuestro equipo, necesit\u00e1is perfiles complementarios\u00bb.<\/p>\n<p> \u00a0<br \/> <strong>En Internet no hay fronteras<\/strong><\/p>\n<p> Javier Alonso nos recuerda que \u00abcuando sales a Internet ya sales al exterior\u00bb. Y recomienda: \u00absi tu modelo de negocio es una p\u00e1gina web, hazla tambi\u00e9n desde el principio en ingl\u00e9s. En Internet no<br \/> hay fronteras\u00bb.<br \/> \u00a0<br \/> Javier considera que \u00aben Internet lo fundamental es la constancia, publicar regularmente, publicar buenos contenidos y el SEO\u201d (Search Engine Optimization, optimizaci\u00f3n para motores de b\u00fasqueda).<br \/> \u00a0<\/p>\n<p> <strong>Primero usuarios, luego clientes, la inversi\u00f3n al final<\/strong><\/p>\n<p> Javier previene contra la tentaci\u00f3n de continuar perfeccionando el producto indefinidamente antes de lanzarlo: \u00absaca tu idea al mercado cuanto antes: el producto m\u00ednimo viable. si no funciona al<br \/> menos te habr\u00e1 salido barato\u00bb.<br \/> \u00a0<br \/> En este sentido, Javier Alonso recomienda trabajar lo menos posible con inversi\u00f3n en los comienzos del negocio: \u00abprimero usuarios, luego clientes, y luego inversi\u00f3n\u00bb.<br \/> \u00a0<br \/> Para terminar, Javier Alonso dej\u00f3 una frase escrita en una ventana del Vivero de Vic\u00e1lvaro: \u00abSi algo no te gusta, hazlo t\u00fa mismo\u00bb.<\/p>\n","protected":false},"excerpt":{"rendered":"<p>El pasado viernes 25 de enero tuvo lugar un Coffee Break en el Vivero de&#8230;<\/p>\n","protected":false},"featured_media":6777,"template":"","meta":{"_acf_changed":false},"categories":[],"noticias":[],"class_list":["post-6776","noticias","type-noticias","status-publish","has-post-thumbnail","hentry"],"acf":[],"_links":{"self":[{"href":"https:\/\/test.madridemprende.anovagroup.es\/fr\/wp-json\/wp\/v2\/noticias\/6776"}],"collection":[{"href":"https:\/\/test.madridemprende.anovagroup.es\/fr\/wp-json\/wp\/v2\/noticias"}],"about":[{"href":"https:\/\/test.madridemprende.anovagroup.es\/fr\/wp-json\/wp\/v2\/types\/noticias"}],"version-history":[{"count":0,"href":"https:\/\/test.madridemprende.anovagroup.es\/fr\/wp-json\/wp\/v2\/noticias\/6776\/revisions"}],"wp:featuredmedia":[{"embeddable":true,"href":"https:\/\/test.madridemprende.anovagroup.es\/fr\/wp-json\/wp\/v2\/media\/6777"}],"wp:attachment":[{"href":"https:\/\/test.madridemprende.anovagroup.es\/fr\/wp-json\/wp\/v2\/media?parent=6776"}],"wp:term":[{"taxonomy":"category","embeddable":true,"href":"https:\/\/test.madridemprende.anovagroup.es\/fr\/wp-json\/wp\/v2\/categories?post=6776"},{"taxonomy":"noticias","embeddable":true,"href":"https:\/\/test.madridemprende.anovagroup.es\/fr\/wp-json\/wp\/v2\/noticias?post=6776"}],"curies":[{"name":"wp","href":"https:\/\/api.w.org\/{rel}","templated":true}]}}