{"id":6790,"date":"2014-03-20T00:00:00","date_gmt":"2014-03-20T00:00:00","guid":{"rendered":"https:\/\/pre.madridemprende.anovagroup.es\/noticias\/ines-de-saralegui-cofundadora-y-directora-de-respiro-car-sharing-compartio-un-coffee-break-con-emprendedores\/"},"modified":"2022-06-08T11:36:40","modified_gmt":"2022-06-08T09:36:40","slug":"ines-de-saralegui-cofundadora-y-directora-de-respiro-car-sharing-compartio-un-coffee-break-con-emprendedores","status":"publish","type":"noticias","link":"https:\/\/test.madridemprende.anovagroup.es\/fr\/noticias\/ines-de-saralegui-cofundadora-y-directora-de-respiro-car-sharing-compartio-un-coffee-break-con-emprendedores\/","title":{"rendered":"In\u00e9s de Saralegui, cofundadora y directora de Respiro Car Sharing, comparti\u00f3 un Coffee Break con emprendedores"},"content":{"rendered":"<p>El pasado jueves 27 de febrero tuvo lugar un Coffee Break con emprendedores en el Vivero de Empresas de Vic\u00e1lvaro. En esta ocasi\u00f3n, la invitada fue In\u00e9s de Saralegui, cofundadora y directora de Respiro Car Sharing.<\/p>\n<p> Respiro es una soluci\u00f3n de consumo colaborativo aplicado al uso del coche, que permite compartir el mismo veh\u00edculo a distintas horas del d\u00eda a varios usuarios, a trav\u00e9s del alquiler por horas del mismo.<\/p>\n<p> <strong>El Consumo Colaborativo ha venido para quedarse<\/strong><\/p>\n<p> In\u00e9s de Saralegui opina que \u00abel Consumo Colaborativo es una tendencia que ha venido para quedarse\u00bb. Y a\u00f1ade que \u00abun coche est\u00e1 aparcado el 97% de su vida, no tiene sentido llenar las calles de ellos\u00bb y que \u00abson necesarias soluciones innovadoras de movilidad sostenible, como el Car Sharing\u00bb.<\/p>\n<p> In\u00e9s explica que \u00absomos el eslab\u00f3n perdido del transporte p\u00fablico, todo el mundo necesita un coche alguna vez, pero no todo el mundo lo necesita a diario\u00bb.<\/p>\n<p> <strong>El Car Sharing como forma de ahorro<\/strong><\/p>\n<p> \u00abLa gente no hace c\u00e1lculos de lo que cuesta tener un coche en funci\u00f3n del uso que le va a dar\u00bb, dice In\u00e9s, y explica que \u00abmuchos clientes de nuestro servicio acaban vendiendo su veh\u00edculo\u00bb.<\/p>\n<p> In\u00e9s detalla que \u00absi haces menos de unos 10.000 o 12.000 km al a\u00f1o, no compensa tener un coche en propiedad. La mayor\u00eda de conductores no los hace\u00bb.<\/p>\n<p> In\u00e9s explica tambi\u00e9n que \u00abcomo media, un coche de Respiro Car Sharing se comparte entre 50 personas. El ahorro medio de cada socio de Respiro es de 5.000\u20ac al a\u00f1o, ese ahorro revierte en la econom\u00eda de la ciudad\u00bb.<\/p>\n<p> <strong>Algunas claves del \u00e9xito de Respiro Car Sharing<\/strong><\/p>\n<p> \u00abRespiro es un ejemplo de tecnolog\u00eda disruptiva\u00bb, explica In\u00e9s de Saralegui. Preguntada por la inversi\u00f3n en sus comienzos, In\u00e9s cuenta que \u00abal principio, las rondas m\u00e1s importantes para nosotros fueron las que hicimos entre familiares y amigos\u00bb.<\/p>\n<p> Ante la pregunta de \u00ab\u00bfQu\u00e9 es lo mejor que hab\u00e9is hecho?\u00bb, In\u00e9s lo tiene claro: \u00abRodearnos de gente buena y capaz, no de grandes cerebros. Con el tiempo los hemos ido haciendo socios\u00bb.<\/p>\n<p> In\u00e9s de Saralegui considera que \u00abla colaboraci\u00f3n p\u00fablico privada con las autoridades municipales para servicios como el nuestro es esencial\u00bb.<\/p>\n<p> Tras conversar un rato m\u00e1s con los asistentes, In\u00e9s de Saralegui dej\u00f3 escrita, como es costumbre en los Coffee Break de Madrid Emprende, una frase en una ventana del Vivero de Empresas de Vic\u00e1lvaro: \u00abEmprender es aprender, mucho \u00e1nimo y muchos \u00e9xitos\u00bb.<\/p>\n","protected":false},"excerpt":{"rendered":"<p>El pasado jueves 27 de febrero tuvo lugar un Coffee Break con emprendedores&#8230;<\/p>\n","protected":false},"featured_media":6791,"template":"","meta":{"_acf_changed":false},"categories":[],"noticias":[],"class_list":["post-6790","noticias","type-noticias","status-publish","has-post-thumbnail","hentry"],"acf":[],"_links":{"self":[{"href":"https:\/\/test.madridemprende.anovagroup.es\/fr\/wp-json\/wp\/v2\/noticias\/6790"}],"collection":[{"href":"https:\/\/test.madridemprende.anovagroup.es\/fr\/wp-json\/wp\/v2\/noticias"}],"about":[{"href":"https:\/\/test.madridemprende.anovagroup.es\/fr\/wp-json\/wp\/v2\/types\/noticias"}],"version-history":[{"count":0,"href":"https:\/\/test.madridemprende.anovagroup.es\/fr\/wp-json\/wp\/v2\/noticias\/6790\/revisions"}],"wp:featuredmedia":[{"embeddable":true,"href":"https:\/\/test.madridemprende.anovagroup.es\/fr\/wp-json\/wp\/v2\/media\/6791"}],"wp:attachment":[{"href":"https:\/\/test.madridemprende.anovagroup.es\/fr\/wp-json\/wp\/v2\/media?parent=6790"}],"wp:term":[{"taxonomy":"category","embeddable":true,"href":"https:\/\/test.madridemprende.anovagroup.es\/fr\/wp-json\/wp\/v2\/categories?post=6790"},{"taxonomy":"noticias","embeddable":true,"href":"https:\/\/test.madridemprende.anovagroup.es\/fr\/wp-json\/wp\/v2\/noticias?post=6790"}],"curies":[{"name":"wp","href":"https:\/\/api.w.org\/{rel}","templated":true}]}}