{"id":6800,"date":"2014-10-03T00:00:00","date_gmt":"2014-10-03T00:00:00","guid":{"rendered":"https:\/\/pre.madridemprende.anovagroup.es\/noticias\/trigsimosexta-sesin-del-programa-mentor-34top-entrepreneurs34\/"},"modified":"2022-06-08T11:36:35","modified_gmt":"2022-06-08T09:36:35","slug":"trigsimosexta-sesin-del-programa-mentor-34top-entrepreneurs34","status":"publish","type":"noticias","link":"https:\/\/test.madridemprende.anovagroup.es\/fr\/noticias\/trigsimosexta-sesin-del-programa-mentor-34top-entrepreneurs34\/","title":{"rendered":"Trig\u00e9simosexta sesi\u00f3n del Programa Mentor \u00abTop Entrepreneurs\u00bb"},"content":{"rendered":"<p>El pr\u00f3ximo jueves 9 de octubre tendr\u00e1 lugar la trig\u00e9simosexta sesi\u00f3n del Programa Mentor \\\u00bbTop Entrepreneurs\\\u00bb. Se trata de una charla de un emprendedor de \u00e9xito relevante, con el objetivo de acercar la experiencia de los emprendedores de m\u00e1s \u00e9xito de nuestro pa\u00eds a emprendedores que est\u00e1n iniciando su proyecto empresarial. En esta ocasi\u00f3n intervendr\u00e1 <strong>Marcos Alves<\/strong>, emprendedor de referencia en el sector de Internet. Marcos es cofundador de \\\u00bbeltenedor.es\\\u00bb, empresa l\u00edder en el sector de reservas de restaurantes online. Actualmente, \u201celtenedor.es\u201d cuenta con m\u00e1s de 10 millones de reservas al a\u00f1o. En expansi\u00f3n, est\u00e1n presentes en Francia, Espa\u00f1a y Suiza, dan empleo a 200 trabajadores y tienen una facturaci\u00f3n anual de m\u00e1s de 10 millones de euros.<\/p>\n<p> <img style=\\\"height: 286px; width: 700px;\\\" src=\\\"\/Intranet\/images_load\/Marcos Alves.JPG\\\" alt=\\\"\\\" \/><\/p>\n<p> Se celebrar\u00e1 el pr\u00f3ximo d\u00eda 9 de octubre (jueves) a las 12:00 horas en el <a href=\\\"\/es\/emprendedores\/espacios-para-emprendedores\/viveros-de-empresas\/Viveros\/ficha\/1d2b603c5ca5d984996cb36e7138fd9d\/\\\">Vivero de Empresas de Vic\u00e1lvaro<\/a>, en C\/ Villablanca n\u00ba 85 \u00a0Metro: San Cipriano\/ Puerta de Arganda (l\u00ednea 9)<br \/> \u00a0<br \/> Esta es una iniciativa abierta a todos los emprendedores. La asistencia es gratuita y se recomienda a los emprendedores asistentes que acudan provistos de sus tarjetas ante la posibilidad de establecer contactos, incluido el ponente, por supuesto.<br \/> \u00a0<br \/> Para confirmar vuestra asistencia, llamad al tel\u00e9fono 91 480 47 24 (9:00 a 14:30 h.) o bien escribid a la siguiente direcci\u00f3n de correo electr\u00f3nico: <a href=\\\"mailto:loartesjm@madrid.es\\\">loartesjm@madrid.es<\/a><\/p>\n","protected":false},"excerpt":{"rendered":"<p>El pr\u00f3ximo jueves 9 de octubre tendr\u00e1 lugar la trig\u00e9simosexta sesi\u00f3n del&#8230;<\/p>\n","protected":false},"featured_media":6801,"template":"","meta":{"_acf_changed":false},"categories":[],"noticias":[],"class_list":["post-6800","noticias","type-noticias","status-publish","has-post-thumbnail","hentry"],"acf":[],"_links":{"self":[{"href":"https:\/\/test.madridemprende.anovagroup.es\/fr\/wp-json\/wp\/v2\/noticias\/6800"}],"collection":[{"href":"https:\/\/test.madridemprende.anovagroup.es\/fr\/wp-json\/wp\/v2\/noticias"}],"about":[{"href":"https:\/\/test.madridemprende.anovagroup.es\/fr\/wp-json\/wp\/v2\/types\/noticias"}],"version-history":[{"count":0,"href":"https:\/\/test.madridemprende.anovagroup.es\/fr\/wp-json\/wp\/v2\/noticias\/6800\/revisions"}],"wp:featuredmedia":[{"embeddable":true,"href":"https:\/\/test.madridemprende.anovagroup.es\/fr\/wp-json\/wp\/v2\/media\/6801"}],"wp:attachment":[{"href":"https:\/\/test.madridemprende.anovagroup.es\/fr\/wp-json\/wp\/v2\/media?parent=6800"}],"wp:term":[{"taxonomy":"category","embeddable":true,"href":"https:\/\/test.madridemprende.anovagroup.es\/fr\/wp-json\/wp\/v2\/categories?post=6800"},{"taxonomy":"noticias","embeddable":true,"href":"https:\/\/test.madridemprende.anovagroup.es\/fr\/wp-json\/wp\/v2\/noticias?post=6800"}],"curies":[{"name":"wp","href":"https:\/\/api.w.org\/{rel}","templated":true}]}}