{"id":6816,"date":"2014-10-09T00:00:00","date_gmt":"2014-10-09T00:00:00","guid":{"rendered":"https:\/\/pre.madridemprende.anovagroup.es\/noticias\/el-top-entrepreneur-marcos-alves-cofundador-y-ceo-de-eltenedores-en-el-vivero-de-vicalvaro\/"},"modified":"2022-06-08T11:36:34","modified_gmt":"2022-06-08T09:36:34","slug":"el-top-entrepreneur-marcos-alves-cofundador-y-ceo-de-eltenedores-en-el-vivero-de-vicalvaro","status":"publish","type":"noticias","link":"https:\/\/test.madridemprende.anovagroup.es\/fr\/noticias\/el-top-entrepreneur-marcos-alves-cofundador-y-ceo-de-eltenedores-en-el-vivero-de-vicalvaro\/","title":{"rendered":"El Top Entrepreneur Marcos Alves, cofundador y CEO de eltenedor.es, en el Vivero de Vic\u00e1lvaro"},"content":{"rendered":"<p>El pasado jueves 9 de octubre tuvo lugar un\u00a0<strong>Top Entrepreneurs<\/strong>\u00a0en el\u00a0<strong>Vivero de Empresas de Vic\u00e1lvaro<\/strong>. Los Top Entrepreneurs son encuentros mensuales con un emprendedor de \u00e9xito relevante, que comparte con los asistentes su experiencia emprendedora.<br \/> \u00a0<br \/> En esta ocasi\u00f3n el invitado ha sido\u00a0<strong>Marcos Alves<\/strong>, emprendedor de referencia en el sector de Internet. Marcos es cofundador de\u00a0<strong>eltenedor.es<\/strong>\u00a0[<a href=\"http:\/\/l.facebook.com\/l.php?u=http%3A%2F%2Fwww.eltenedor.es%2F&#038;h=dAQENK5DH&#038;s=1\" target=\"_blank\" rel=\"noopener\">http:\/\/www.eltenedor.es<\/a>], empresa l\u00edder en el sector de reservas de restaurantes online. Actualmente, eltenedor.es cuenta con m\u00e1s de 10 millones de reservas al a\u00f1o. En expansi\u00f3n, est\u00e1n presentes en Francia, Espa\u00f1a y Suiza, dan empleo a 200 trabajadores y tienen una facturaci\u00f3n anual de m\u00e1s de 10 millones de euros.<br \/> \u00a0<br \/> <strong>Quien mejor sabe lo que quiere tu cliente&#8230; es tu cliente<\/strong><br \/> Marcos Alves opina que \u00abdebes escuchar activamente a tu usuario, a tu cliente. \u00c9l es el que mejor sabe lo que quiere\u00bb. Y a\u00f1ade: \u00abSi no estoy al tanto de lo que ocurre en mi mercado, perder\u00e9 el foco de lo que hay que hacer\u00bb.<br \/> \u00a0<br \/> Marcos tambi\u00e9n considera que el aspecto comercial de tu empresa es esencial: \u00abHay que vender, vender, y seguir vendiendo\u00bb.<br \/> \u00a0<br \/> <strong>Tu equipo, tu apoyo<\/strong><br \/> \u00abDeb\u00e9is apoyaros en un equipo potente, al que dej\u00e9is tomar decisiones, y al que dej\u00e9is equivocarse\u00bb, aconseja Marcos. Preguntado por c\u00f3mo mantener el talento en tu equipo, Marcos responde que \u00abhaci\u00e9ndoles felices, haci\u00e9ndoles crecer\u00bb. \u00abHay que poner retos, y cumplir siempre tus promesas\u00bb.<br \/> \u00a0<br \/> <strong>Errores de los emprendedores<\/strong><br \/> Ante la pregunta de cuales considera que son los errores que suelen cometer los emprendedores, Marcos cita varios: \u00abBuscar la perfecci\u00f3n del producto antes de lanzar, olvidarte de vender, no pensar en los n\u00fameros\u00bb. Y tambi\u00e9n: \u00abA veces pecamos de modelos cortoplacistas: nos permiten dar el primer paso, pero luego nos hacen tropezar\u00bb.<br \/> \u00a0<br \/> Otro error habitual est\u00e1 relacionado en opini\u00f3n de Marcos con la financiaci\u00f3n: \u00abAntes de buscar financiaci\u00f3n, preg\u00fantate si realmente la necesitas. Y retr\u00e1sala todo lo que puedas\u00bb.<br \/> \u00a0<br \/> <strong>\u00bfInternacionalizaci\u00f3n? No a cualquier precio<\/strong><br \/> \u00abInternacionalizarse es bueno, pero debes medir la necesidad seg\u00fan tu sector: supone m\u00e1s inversi\u00f3n y menos foco\u00bb, considera Marcos Alves. Y explica que \u00abfuimos a Suiza porque habl\u00e1bamos el idioma, y porque al ser un pa\u00eds peque\u00f1o nos permiti\u00f3 probar nuestro modelo con menos riesgo.<br \/> \u00a0<br \/> En este sentido, Marcos recomienda \u00abcrecer en el mercado espa\u00f1ol antes de internacionalizarte\u00bb.<br \/> \u00a0<br \/> <strong>\u00bfQu\u00e9 es el \u00e9xito?<\/strong><br \/> Preguntado por la f\u00f3rmula para el \u00e9xito, Marcos Alves responde que \u00abla clave del \u00e9xito de una empresa es la adaptaci\u00f3n a su entorno\u00bb. Y recalca que \u00abcada uno tiene sus ambiciones. No todo el mundo tiene porque llegar a ser Facebook. \u00bfQu\u00e9 es el \u00e9xito? \u00c9xito es cubrir gastos y pagar tus n\u00f3minas\u00bb.<br \/> \u00a0<br \/> Marcos no considera que llegar antes sea esencial: \u00abNo importa que no hayas llegado el primero a tu mercado, siempre que hagas las cosas bien\u00bb. Y recomienda: \u00abNo os obsesion\u00e9is con la competencia. Tenedla respeto, pero deb\u00e9is estar centrados en hacer las cosas con calidad\u00bb.<br \/> \u00a0<br \/> Tras conversar un rato m\u00e1s con los asistentes al Top Entrepreneurs, Marcos Alves dej\u00f3 escrita una frase en una ventana del Vivero de Vic\u00e1lvaro:\u00a0<strong>\u00abEl \u00e9xito es aprender a ir de fracaso en fracaso sin desesperar\u00bb Winston Churchill<\/strong>.<br \/> \u00a0<br \/> Aqu\u00ed ten\u00e9is la presentaci\u00f3n que us\u00f3 Marcos Alves en el Top Entrepreneurs: <a href=\"http:\/\/l.facebook.com\/l.php?u=http%3A%2F%2Fow.ly%2FCQcD3&#038;h=yAQH4ZO-c&#038;s=1\" target=\"_blank\" rel=\"noopener\">http:\/\/ow.ly\/CQcD3<\/a><\/p>\n","protected":false},"excerpt":{"rendered":"<p>El pasado jueves 9 de octubre tuvo lugar un\u00a0Top Entrepreneurs\u00a0en el\u00a0Vivero&#8230;<\/p>\n","protected":false},"featured_media":6817,"template":"","meta":{"_acf_changed":false},"categories":[],"noticias":[],"class_list":["post-6816","noticias","type-noticias","status-publish","has-post-thumbnail","hentry"],"acf":[],"_links":{"self":[{"href":"https:\/\/test.madridemprende.anovagroup.es\/fr\/wp-json\/wp\/v2\/noticias\/6816"}],"collection":[{"href":"https:\/\/test.madridemprende.anovagroup.es\/fr\/wp-json\/wp\/v2\/noticias"}],"about":[{"href":"https:\/\/test.madridemprende.anovagroup.es\/fr\/wp-json\/wp\/v2\/types\/noticias"}],"version-history":[{"count":0,"href":"https:\/\/test.madridemprende.anovagroup.es\/fr\/wp-json\/wp\/v2\/noticias\/6816\/revisions"}],"wp:featuredmedia":[{"embeddable":true,"href":"https:\/\/test.madridemprende.anovagroup.es\/fr\/wp-json\/wp\/v2\/media\/6817"}],"wp:attachment":[{"href":"https:\/\/test.madridemprende.anovagroup.es\/fr\/wp-json\/wp\/v2\/media?parent=6816"}],"wp:term":[{"taxonomy":"category","embeddable":true,"href":"https:\/\/test.madridemprende.anovagroup.es\/fr\/wp-json\/wp\/v2\/categories?post=6816"},{"taxonomy":"noticias","embeddable":true,"href":"https:\/\/test.madridemprende.anovagroup.es\/fr\/wp-json\/wp\/v2\/noticias?post=6816"}],"curies":[{"name":"wp","href":"https:\/\/api.w.org\/{rel}","templated":true}]}}