{"id":6824,"date":"2014-10-29T00:00:00","date_gmt":"2014-10-29T00:00:00","guid":{"rendered":"https:\/\/pre.madridemprende.anovagroup.es\/noticias\/el-retiro-acogera-el-23-de-noviembre-la-iv-carrera-de-los-emprendedores\/"},"modified":"2022-06-08T11:35:34","modified_gmt":"2022-06-08T09:35:34","slug":"el-retiro-acogera-el-23-de-noviembre-la-iv-carrera-de-los-emprendedores","status":"publish","type":"noticias","link":"https:\/\/test.madridemprende.anovagroup.es\/fr\/noticias\/el-retiro-acogera-el-23-de-noviembre-la-iv-carrera-de-los-emprendedores\/","title":{"rendered":"El Retiro acoger\u00e1 el 23 de noviembre la IV Carrera de los Emprendedores"},"content":{"rendered":"<ul>\n<li>Es \u00a0un evento deportivo organizado por la Fundaci\u00f3n Cr\u00e9ate, con el respaldo del Ayuntamiento de Madrid, que tiene como objetivos el fomento del emprendimiento, poner en valor la figura del emprendedor y el esp\u00edritu de empresa de los discapacitados, para quienes la integraci\u00f3n social y laboral es todo un reto diario<\/li>\n<li>Se trata de una competici\u00f3n que naci\u00f3 en 2011 de la mano de Madrid Emprende y que este a\u00f1o cuenta con una veintena de entidades colaboradoras<\/li>\n<li>Tras la carrera, que espera reunir a 7000 personas, se premiar\u00e1 al centro educativo que tenga mayor n\u00famero de participantes, as\u00ed como a la empresa, instituci\u00f3n o fundaci\u00f3n que haya acudido con m\u00e1s corredores\u00a0\u00a0<\/li>\n<\/ul>\n<p> <strong>Madrid, 29 de octubre de 2014 \u2013 <\/strong>\u00a0Si cerca de 5.000 personas desafiaron el fr\u00edo para correr a favor de los emprendedores en la III Edici\u00f3n de esta prueba, los organizadores de la Carrera de los Emprendedores esperan en esta IV edici\u00f3n superar todas las expectativas y alcanzar los 7.000 corredores. Ser\u00e1 el pr\u00f3ximo domingo d\u00eda 23 de noviembre en el Parque de El Retiro.<br \/> El objetivo de la carrera, organizada por la Fundaci\u00f3n Cr\u00e9ate, con el apoyo de Madrid Emprende, es fomentar la cultura emprendedora en un ambiente l\u00fadico, festivo e incluyente. Adem\u00e1s, como ya sucedi\u00f3 el pasado a\u00f1o, se volver\u00e1 a poner en valor la actitud emprendedora de las personas con discapacidad, para quienes la integraci\u00f3n social y laboral es todo un reto.<br \/> Chema Mart\u00ednez, gran atleta y uno de los grandes fondistas espa\u00f1oles, apadrina esta iniciativa.<br \/> La carrera contar\u00e1, adem\u00e1s, con la colaboraci\u00f3n principal de GOFIT, adem\u00e1s de Jazztel, ENISA, Google for Entrepreneurs, Banco Sabadell, Bombardier, Deloitte, Informa D&#038;B, Btren, Alphabet, Bankinter, DKV, BMW y Management Solutions. AON y Powerade ser\u00e1n los colaboradores t\u00e9cnicos para el desarrollo de la carrera, mientras que Tuenti M\u00f3vil, Fundaci\u00f3n Iniciador y Ariane dar\u00e1n apoyo a la difusi\u00f3n.<br \/> \u00a0\u00a0<br \/> Gracias a los colaboradores de la carrera, que har\u00e1n posible su celebraci\u00f3n, los beneficios de la misma ir\u00e1n destinados \u00edntegramente al fomento del emprendimiento en centros educativos espa\u00f1oles.<br \/> Al final de la carrera se premiar\u00e1 a los ganadores de la categor\u00eda general, a los veteranos de m\u00e1s de 45 a\u00f1os, a los corredores con discapacidad y al primer emprendedor o emprendedora alojado o graduado en la Red de Viveros de Madrid Emprende. Adem\u00e1s, se reconocer\u00e1 especialmente al colectivo o empresa con m\u00e1s corredores y al centro educativo con mayor n\u00famero de participantes.<\/p>\n<p> La carrera contar\u00e1 con dos distancias: 5 y 10 kil\u00f3metros. Adem\u00e1s, RUNKIDS convocar\u00e1 a ni\u00f1os emprendedores entre 6 y 14 a\u00f1os de edad que se enfrentar\u00e1n a un recorrido especial para ellos.<br \/> Chema Mart\u00ednez ha destacado la importancia de que eventos como esta carrera realcen el valor que los emprendedores tienen para cualquier sociedad. \u201cLos emprendedores son unos grandes fondistas que se plantean ante s\u00ed un reto y se esfuerzan por superarse d\u00eda a d\u00eda para alcanzar sus metas\u201d, ha se\u00f1alado Mart\u00ednez, que ha hecho menci\u00f3n especial a todas esas personas con alguna discapacidad que se convierten en emprendedores de lo cotidiano.<\/p>\n<p> Jes\u00fas Sainz, Presidente de la Fundaci\u00f3n Cr\u00e9ate se\u00f1ala: \u201cNosotros nos dedicamos a fomentar valores y actitudes emprendedoras desde la escuela porque pensamos que es parte vital de la formaci\u00f3n de nuestros ni\u00f1os. El esp\u00edritu innovador, la creatividad, la capacidad de generar riqueza en nuestro entorno\u2026debe formar parte de nuestro d\u00eda a d\u00eda\u2026\u201d<\/p>\n<p> Para Gabriel S\u00e1ez Irigoyen, Presidente de Ingesport, colaborador principal de la carrera a trav\u00e9s de centros deportivos GOFIT: \u201cel deporte promueve valores fundamentales para la vida: el esfuerzo, la capacidad de sacrificio, el trabajo en equipo, la motivaci\u00f3n por conseguir una meta, la superaci\u00f3n diaria\u2026todos ellos valores y actitudes que nos ayudan a ser mejores personas en todos los \u00e1mbitos de nuestra vida\u201d.<\/p>\n<p> Las inscripciones para participar en esta Carrera de los Emprendedores podr\u00e1n realizarse hasta el pr\u00f3ximo 20 de noviembre a trav\u00e9s de <a href=\"http:\/\/www.carreradelosemprendedores.com\" target=\"_blank\" rel=\"noopener\">www.carreradelosemprendedores.com<\/a><br \/> \u00a0\u00a0\u00a0<\/p>\n","protected":false},"excerpt":{"rendered":"<p> \tEs \u00a0un evento deportivo organizado por la Fundaci\u00f3n Cr\u00e9ate, con el&#8230;<\/p>\n","protected":false},"featured_media":6825,"template":"","meta":{"_acf_changed":false},"categories":[],"noticias":[],"class_list":["post-6824","noticias","type-noticias","status-publish","has-post-thumbnail","hentry"],"acf":[],"_links":{"self":[{"href":"https:\/\/test.madridemprende.anovagroup.es\/fr\/wp-json\/wp\/v2\/noticias\/6824"}],"collection":[{"href":"https:\/\/test.madridemprende.anovagroup.es\/fr\/wp-json\/wp\/v2\/noticias"}],"about":[{"href":"https:\/\/test.madridemprende.anovagroup.es\/fr\/wp-json\/wp\/v2\/types\/noticias"}],"version-history":[{"count":0,"href":"https:\/\/test.madridemprende.anovagroup.es\/fr\/wp-json\/wp\/v2\/noticias\/6824\/revisions"}],"wp:featuredmedia":[{"embeddable":true,"href":"https:\/\/test.madridemprende.anovagroup.es\/fr\/wp-json\/wp\/v2\/media\/6825"}],"wp:attachment":[{"href":"https:\/\/test.madridemprende.anovagroup.es\/fr\/wp-json\/wp\/v2\/media?parent=6824"}],"wp:term":[{"taxonomy":"category","embeddable":true,"href":"https:\/\/test.madridemprende.anovagroup.es\/fr\/wp-json\/wp\/v2\/categories?post=6824"},{"taxonomy":"noticias","embeddable":true,"href":"https:\/\/test.madridemprende.anovagroup.es\/fr\/wp-json\/wp\/v2\/noticias?post=6824"}],"curies":[{"name":"wp","href":"https:\/\/api.w.org\/{rel}","templated":true}]}}