{"id":6840,"date":"2014-11-05T00:00:00","date_gmt":"2014-11-05T00:00:00","guid":{"rendered":"https:\/\/pre.madridemprende.anovagroup.es\/noticias\/seminario-34diseo-y-construccin-de-drones3444-en-el-smart-lab\/"},"modified":"2022-06-08T11:35:33","modified_gmt":"2022-06-08T09:35:33","slug":"seminario-34diseo-y-construccin-de-drones3444-en-el-smart-lab","status":"publish","type":"noticias","link":"https:\/\/test.madridemprende.anovagroup.es\/fr\/noticias\/seminario-34diseo-y-construccin-de-drones3444-en-el-smart-lab\/","title":{"rendered":"Seminario \u00abDise\u00f1o y Construcci\u00f3n de Drones\u00bb, en el Smart Lab"},"content":{"rendered":"<p>El pasado mi\u00e9rcoles, 5 de noviembre, tuvo lugar en el centro de Madrid Emprende\u00a0<strong>Smart Lab<\/strong>, desde las 17h. hasta las 21h., el seminario de formaci\u00f3n,\u00a0<strong>Dise\u00f1o y Construcci\u00f3n de Drones<\/strong>, impartido por\u00a0<strong>Javier Mart\u00ednez de Quesada<\/strong>, consultor de redes de telecomunicaciones del\u00a0<strong>Ayuntamiento de Madrid<\/strong>. El seminario celebraba su segunda edici\u00f3n, tras el \u00e9xito cosechado en la primera, y estuvo dirigido a un p\u00fablico general interesado en el tema.<br \/> \u00a0<br \/> <strong>El futuro: Tecnolog\u00eda e innovaci\u00f3n<\/strong><br \/> En primer lugar, Javier Mart\u00ednez ofreci\u00f3 a los asistentes una definici\u00f3n de\u00a0<strong>Dron<\/strong>: \u201cAeronave no tripulada que puede volar y volver a su lugar de despegue\u201d.<br \/> \u00a0<br \/> En la jornada se cont\u00f3 con dos drones constru\u00eddos por Javier Mart\u00ednez de Quesada, uno de ellos dotado de c\u00e1mara y capaz de proporcionar una experiencia inmersiva.<br \/> \u00a0<br \/> Javier explic\u00f3 que los Drones existen desde hace alg\u00fan tiempo, y que cuentan con\u00a0<strong>un peso cada vez mayor en el marco empresarial<\/strong>, al poder llevar a cabo un rango de actividades, tambi\u00e9n, cada vez m\u00e1s amplio.<br \/> \u00a0<br \/> Adem\u00e1s de las consideraciones legales para su buen uso, en el seminario se di\u00f3 a conocer el aspecto hardware de estos dispositivos, as\u00ed como las herramientas software y de comunicaciones que permiten a los emprendedores desarrollar para estos dispositivos nuevos entornos de aplicaci\u00f3n comercial.<\/p>\n","protected":false},"excerpt":{"rendered":"<p>El pasado mi\u00e9rcoles, 5 de noviembre, tuvo lugar en el centro de Madrid&#8230;<\/p>\n","protected":false},"featured_media":6841,"template":"","meta":{"_acf_changed":false},"categories":[],"noticias":[],"class_list":["post-6840","noticias","type-noticias","status-publish","has-post-thumbnail","hentry"],"acf":[],"_links":{"self":[{"href":"https:\/\/test.madridemprende.anovagroup.es\/fr\/wp-json\/wp\/v2\/noticias\/6840"}],"collection":[{"href":"https:\/\/test.madridemprende.anovagroup.es\/fr\/wp-json\/wp\/v2\/noticias"}],"about":[{"href":"https:\/\/test.madridemprende.anovagroup.es\/fr\/wp-json\/wp\/v2\/types\/noticias"}],"version-history":[{"count":0,"href":"https:\/\/test.madridemprende.anovagroup.es\/fr\/wp-json\/wp\/v2\/noticias\/6840\/revisions"}],"wp:featuredmedia":[{"embeddable":true,"href":"https:\/\/test.madridemprende.anovagroup.es\/fr\/wp-json\/wp\/v2\/media\/6841"}],"wp:attachment":[{"href":"https:\/\/test.madridemprende.anovagroup.es\/fr\/wp-json\/wp\/v2\/media?parent=6840"}],"wp:term":[{"taxonomy":"category","embeddable":true,"href":"https:\/\/test.madridemprende.anovagroup.es\/fr\/wp-json\/wp\/v2\/categories?post=6840"},{"taxonomy":"noticias","embeddable":true,"href":"https:\/\/test.madridemprende.anovagroup.es\/fr\/wp-json\/wp\/v2\/noticias?post=6840"}],"curies":[{"name":"wp","href":"https:\/\/api.w.org\/{rel}","templated":true}]}}