{"id":6842,"date":"2014-11-12T00:00:00","date_gmt":"2014-11-12T00:00:00","guid":{"rendered":"https:\/\/pre.madridemprende.anovagroup.es\/noticias\/coffee-break-con-javier-rivero-daz-en-el-vivero-de-empresas-de-villaverde\/"},"modified":"2022-06-08T11:35:32","modified_gmt":"2022-06-08T09:35:32","slug":"coffee-break-con-javier-rivero-daz-en-el-vivero-de-empresas-de-villaverde","status":"publish","type":"noticias","link":"https:\/\/test.madridemprende.anovagroup.es\/fr\/noticias\/coffee-break-con-javier-rivero-daz-en-el-vivero-de-empresas-de-villaverde\/","title":{"rendered":"Coffee Break con Javier Rivero-D\u00edaz en el Vivero de Empresas de Villaverde"},"content":{"rendered":"<p style=\\\"margin: 0cm 0cm 0.0001pt; line-height: 13.35pt; background-image: initial; background-attachment: initial; background-size: initial; background-origin: initial; background-clip: initial; background-position: initial; background-repeat: initial;\\\"><span style=\\\"font-size: 9.5pt; font-family: Helvetica; color: #141823;\\\">El pasado mi\u00e9rcoles 12 de noviembre tuvo lugar en el Vivero de Empresas de Villaverde, a las 10, un encuentro, Coffee Break, con el escritor y empresario,<span class=\\\"apple-converted-space\\\">\u00a0<\/span><strong>Javier Rivero-D\u00edaz\u00a0<\/strong>(<a style=\\\"cursor: pointer;\\\" href=\\\"http:\/\/www.javier.be\/\\\" target=\\\"_blank\\\"><span style=\\\"color: #3b5998; text-decoration: none; text-underline: none;\\\">http:\/\/www.javier.be<\/span><\/a>), en el que se present\u00f3 su libro,<span class=\\\"apple-converted-space\\\">\u00a0<\/span><em>Gimnasia Financiera: 7 h\u00e1bitos para mejorar tu econom\u00eda en 7 d\u00edas<\/em><span class=\\\"apple-converted-space\\\">\u00a0<\/span>(<a style=\\\"cursor: pointer;\\\" href=\\\"http:\/\/www.gimnasiafinanciera.com\/\\\" target=\\\"_blank\\\"><span style=\\\"color: #3b5998; text-decoration: none; text-underline: none;\\\">http:\/\/www.gimnasiafinanciera.com<\/span><\/a>).<\/span><\/p>\n<p style=\\\"margin: 0cm 0cm 0.0001pt; line-height: 13.35pt; background-image: initial; background-attachment: initial; background-size: initial; background-origin: initial; background-clip: initial; background-position: initial; background-repeat: initial;\\\"><span style=\\\"font-size: 9.5pt; font-family: Helvetica; color: #141823;\\\">\u00a0<\/span><\/p>\n<p style=\\\"margin: 0cm 0cm 0.0001pt; line-height: 13.35pt; background-image: initial; background-attachment: initial; background-size: initial; background-origin: initial; background-clip: initial; background-position: initial; background-repeat: initial;\\\"><span style=\\\"font-size: 9.5pt; font-family: Helvetica; color: #141823;\\\">Tras ser presentado por<span class=\\\"apple-converted-space\\\">\u00a0<\/span><strong>Almudena Morales<\/strong><span class=\\\"apple-converted-space\\\">\u00a0<\/span>de<span class=\\\"apple-converted-space\\\">\u00a0<\/span><strong>Madrid Emprende<\/strong>, el CEO de<span class=\\\"apple-converted-space\\\">\u00a0<\/span><strong>Desarrollo Personal<\/strong><span class=\\\"apple-converted-space\\\">\u00a0<\/span>invit\u00f3 a los miembros del p\u00fablico a conocerse y hablar entre ellos con el objetivo de romper el hielo. \u201cMi intenci\u00f3n es que la charla sea lo m\u00e1s \u00fatil posible en vuestras vidas\u201d.<\/span><\/p>\n<p style=\\\"margin: 0cm 0cm 0.0001pt; line-height: 13.35pt; background-image: initial; background-attachment: initial; background-size: initial; background-origin: initial; background-clip: initial; background-position: initial; background-repeat: initial;\\\"><span style=\\\"font-size: 9.5pt; font-family: Helvetica; color: #141823;\\\">\u00a0<\/span><\/p>\n<p style=\\\"margin: 0cm 0cm 0.0001pt; line-height: 13.35pt; background-image: initial; background-attachment: initial; background-size: initial; background-origin: initial; background-clip: initial; background-position: initial; background-repeat: initial;\\\"><strong><span style=\\\"font-size: 9.5pt; font-family: Helvetica; color: #141823;\\\">Humanizar las estrategias<\/span><\/strong><\/p>\n<p style=\\\"margin: 0cm 0cm 0.0001pt; line-height: 13.35pt; background-image: initial; background-attachment: initial; background-size: initial; background-origin: initial; background-clip: initial; background-position: initial; background-repeat: initial;\\\"><span style=\\\"font-size: 9.5pt; font-family: Helvetica; color: #141823;\\\">Rivero-Diaz, quien tambi\u00e9n ejerce como profesor en el<span class=\\\"apple-converted-space\\\">\u00a0<\/span><strong>Instituto Empresa<\/strong><span class=\\\"apple-converted-space\\\">\u00a0<\/span>(IE), empez\u00f3 explicando a los asistentes que, cuando se trata de emprender un proyecto, \u201clo m\u00e1s importante es hacer las cosas de forma diferente\u201d con el fin de humanizarlas. Puso como ejemplo la invenci\u00f3n del concepto de \u2018video-presupuesto\u2019; \u201cen un video escuchan tu voz, escuchan lo que vas a hacer por ellos\u201d, coment\u00f3 el ponente. Asimismo, recomend\u00f3 a los miembros del p\u00fablico que consiguiesen \u201ctestimonios de personas reales hablando de sus proyectos\u201d, para ganar en renombre y credibilidad, y que, de cara a los proveedores, \u201csi pagas pronto, eres leal. Es una muestra de que eres serio y solvente\u201d.<\/span><\/p>\n<p style=\\\"margin: 0cm 0cm 0.0001pt; line-height: 13.35pt; background-image: initial; background-attachment: initial; background-size: initial; background-origin: initial; background-clip: initial; background-position: initial; background-repeat: initial;\\\"><span style=\\\"font-size: 9.5pt; font-family: Helvetica; color: #141823;\\\">\u00a0<\/span><\/p>\n<p style=\\\"margin: 0cm 0cm 0.0001pt; line-height: 13.35pt; background-image: initial; background-attachment: initial; background-size: initial; background-origin: initial; background-clip: initial; background-position: initial; background-repeat: initial;\\\"><strong><span style=\\\"font-size: 9.5pt; font-family: Helvetica; color: #141823;\\\">Gimnasia Financiera<\/span><\/strong><\/p>\n<p style=\\\"margin: 0cm 0cm 0.0001pt; line-height: 13.35pt; background-image: initial; background-attachment: initial; background-size: initial; background-origin: initial; background-clip: initial; background-position: initial; background-repeat: initial;\\\"><span style=\\\"font-size: 9.5pt; font-family: Helvetica; color: #141823;\\\">El empresario madrile\u00f1o confes\u00f3 que la inspiraci\u00f3n para su libro la obtuvo tras pasar un momento econ\u00f3micamente cr\u00edtico en EEUU, y que el t\u00edtulo del mismo vino de una conversaci\u00f3n con un librero. \u201cSer social es muy importante\u201d, recalc\u00f3 Rivero-D\u00edaz, \u201cy rodearse de gente positiva que te inspire\u201d. El ponente recomend\u00f3 a los asistentes tener m\u00e1s de una fuente de ingresos, apostar por la internacionalizaci\u00f3n de sus proyectos, orientarse a objetivos y revisar sus agenda cada d\u00eda. Por otra parte, destac\u00f3 la importancia del marketing: \u201cla gente lo que quiere es saber que se puede confiar en ti\u201d.<\/span><\/p>\n<p style=\\\"margin: 0cm 0cm 0.0001pt; line-height: 13.35pt; background-image: initial; background-attachment: initial; background-size: initial; background-origin: initial; background-clip: initial; background-position: initial; background-repeat: initial;\\\"><span style=\\\"font-size: 9.5pt; font-family: Helvetica; color: #141823;\\\">\u00a0<\/span><\/p>\n","protected":false},"excerpt":{"rendered":"<p>El pasado mi\u00e9rcoles 12 de noviembre tuvo lugar en el Vivero de Empresas de&#8230;<\/p>\n","protected":false},"featured_media":6843,"template":"","meta":{"_acf_changed":false},"categories":[],"noticias":[],"class_list":["post-6842","noticias","type-noticias","status-publish","has-post-thumbnail","hentry"],"acf":[],"_links":{"self":[{"href":"https:\/\/test.madridemprende.anovagroup.es\/fr\/wp-json\/wp\/v2\/noticias\/6842"}],"collection":[{"href":"https:\/\/test.madridemprende.anovagroup.es\/fr\/wp-json\/wp\/v2\/noticias"}],"about":[{"href":"https:\/\/test.madridemprende.anovagroup.es\/fr\/wp-json\/wp\/v2\/types\/noticias"}],"version-history":[{"count":0,"href":"https:\/\/test.madridemprende.anovagroup.es\/fr\/wp-json\/wp\/v2\/noticias\/6842\/revisions"}],"wp:featuredmedia":[{"embeddable":true,"href":"https:\/\/test.madridemprende.anovagroup.es\/fr\/wp-json\/wp\/v2\/media\/6843"}],"wp:attachment":[{"href":"https:\/\/test.madridemprende.anovagroup.es\/fr\/wp-json\/wp\/v2\/media?parent=6842"}],"wp:term":[{"taxonomy":"category","embeddable":true,"href":"https:\/\/test.madridemprende.anovagroup.es\/fr\/wp-json\/wp\/v2\/categories?post=6842"},{"taxonomy":"noticias","embeddable":true,"href":"https:\/\/test.madridemprende.anovagroup.es\/fr\/wp-json\/wp\/v2\/noticias?post=6842"}],"curies":[{"name":"wp","href":"https:\/\/api.w.org\/{rel}","templated":true}]}}