{"id":6848,"date":"2014-12-01T00:00:00","date_gmt":"2014-12-01T00:00:00","guid":{"rendered":"https:\/\/pre.madridemprende.anovagroup.es\/noticias\/comerciantes-y-madrid-emprende-intensifican-su-colaboracin-contra-la-venta-ambulante-ilegal\/"},"modified":"2022-06-08T11:35:31","modified_gmt":"2022-06-08T09:35:31","slug":"comerciantes-y-madrid-emprende-intensifican-su-colaboracin-contra-la-venta-ambulante-ilegal","status":"publish","type":"noticias","link":"https:\/\/test.madridemprende.anovagroup.es\/fr\/noticias\/comerciantes-y-madrid-emprende-intensifican-su-colaboracin-contra-la-venta-ambulante-ilegal\/","title":{"rendered":"Comerciantes y Madrid Emprende intensifican su colaboraci\u00f3n contra la venta ambulante ilegal"},"content":{"rendered":"<ul>\n<li>El Ayuntamiento relanza en plena temporada de Navidad una campa\u00f1a consensuada con las asociaciones empresariales para concienciar a los ciudadanos sobre los peligros que encierra esta pr\u00e1ctica<\/li>\n<\/ul>\n<p>\u00a0<br \/> Proteger al peque\u00f1o negocio y evitar riesgos para los ciudadanos. Este es el objetivo de la <a href=\\\"http:\/\/www.youtu.be\/Z_eGAmNWV6Q?list=UUIzsg4s7yzE-k6uNobQ1SuQ\\\" target=\\\"_blank\\\">campa\u00f1a de sensibilizaci\u00f3n<\/a> que el Ayuntamiento y las principales asociaciones de comerciantes y hosteleros han relanzado en diciembre para concienciar a la ciudadan\u00eda de los peligros y problemas asociados a la venta ambulante ilegal.<br \/> \u00a0<br \/> Coincidiendo con las compras navide\u00f1as, Madrid Emprende reactiva esta l\u00ednea de colaboraci\u00f3n de la administraci\u00f3n municipal con los empresarios del sector, en el marco de sus nuevas competencias en materia de Comercio.<br \/> \u00a0<br \/> Esta campa\u00f1a se dise\u00f1\u00f3 a comienzos de este a\u00f1o y se ha venido relanzando peri\u00f3dicamente. La difusi\u00f3n de la imagen de la campa\u00f1a, el desarrollo de la creatividad y la definici\u00f3n de los mensajes han sido consensuados entre el Ayuntamiento y las asociaciones empresariales.<br \/> \u00a0<br \/> Las sucesivas ediciones de esta acci\u00f3n de sensibilizaci\u00f3n llegan a los ciudadanos a trav\u00e9s de m\u00e1s de mil puntos de mobiliario urbano (marquesinas y los llamados mupis) y las redes sociales. Adem\u00e1s, \u00a0la campa\u00f1a se expone en los propios establecimientos de comercio y hosteler\u00eda asociados a las mas de 30 organizaciones empresariales que se han sumado a esta iniciativa.<br \/> \u00a0<br \/> Se trata de concienciar a la opini\u00f3n p\u00fablica de los graves problemas y perjuicios que la venta ambulante ilegal causa a los consumidores y a los agentes econ\u00f3micos legalmente establecidos, y promover con ello la colaboraci\u00f3n ciudadana en la erradicaci\u00f3n de esta pr\u00e1ctica, que solo se lograra erradicar si los consumidores dejan de comprar a lateros, manteros, mochileros\u2026.<br \/> \u00a0<br \/> Con esta medida, impulsada desde el Ayuntamiento a trav\u00e9s de las \u00e1reas de Econom\u00eda, Hacienda y Administraci\u00f3n P\u00fablica y de Seguridad, se quiere dar una respuesta integral al problema de la venta ambulante ilegal. As\u00ed, por un lado, se seguir\u00e1 actuando contra quienes ejercen esta pr\u00e1ctica il\u00edcita mediante las intervenciones de Polic\u00eda Municipal y las sanciones tramitadas; y por otro, con esta campa\u00f1a, se complementara la acci\u00f3n coercitiva con una intensa labor de sensibilizaci\u00f3n de la poblaci\u00f3n basada en la informaci\u00f3n acerca de los perjuicios y riesgos que comporta comprar a los vendedores ilegales.<br \/> \u00a0<br \/> Resulta especialmente relevante el consenso un\u00e1nime de administraci\u00f3n y agentes\u00a0 econ\u00f3micos sobre la importancia de aunar esfuerzos para erradicar la venta ambulante ilegal, prueba del cual es el apoyo masivo a esta campa\u00f1a del sector empresarial de la ciudad representado a trav\u00e9s de C\u00e1mara de Comercio, CEIM, Cocem, Cocam, Cecoma, Aehcam, AMER, Asircom,\u00a0 Cerveceros de Espa\u00f1a, Mercamadrid, Fedecarne, Hosteleros de Plaza Mayor, Anged, La \u00danica,\u00a0 AEHM, Adepesca, Gremio de Joyeros, ACES, Egeda, La Vi\u00f1a, Noche Madrid, Acema, Asociaci\u00f3n Empresarial de Peleteria, Asociaci\u00f3n de Comerciantes del Calzado,\u00a0 Acotex , Restaurantes Centenarios de Madrid, Aprodeca, La Noche en Vivo, Aegal, Asociaci\u00f3n de Hosteleros de Malasa\u00f1a y Asociaci\u00f3n de Ocio y Hosteleria zona Avenida de Brasil.<\/p>\n","protected":false},"excerpt":{"rendered":"<p>El Ayuntamiento relanza en plena temporada de Navidad una campa\u00f1a&#8230;<\/p>\n","protected":false},"featured_media":6849,"template":"","meta":{"_acf_changed":false},"categories":[],"noticias":[],"class_list":["post-6848","noticias","type-noticias","status-publish","has-post-thumbnail","hentry"],"acf":[],"_links":{"self":[{"href":"https:\/\/test.madridemprende.anovagroup.es\/fr\/wp-json\/wp\/v2\/noticias\/6848"}],"collection":[{"href":"https:\/\/test.madridemprende.anovagroup.es\/fr\/wp-json\/wp\/v2\/noticias"}],"about":[{"href":"https:\/\/test.madridemprende.anovagroup.es\/fr\/wp-json\/wp\/v2\/types\/noticias"}],"version-history":[{"count":0,"href":"https:\/\/test.madridemprende.anovagroup.es\/fr\/wp-json\/wp\/v2\/noticias\/6848\/revisions"}],"wp:featuredmedia":[{"embeddable":true,"href":"https:\/\/test.madridemprende.anovagroup.es\/fr\/wp-json\/wp\/v2\/media\/6849"}],"wp:attachment":[{"href":"https:\/\/test.madridemprende.anovagroup.es\/fr\/wp-json\/wp\/v2\/media?parent=6848"}],"wp:term":[{"taxonomy":"category","embeddable":true,"href":"https:\/\/test.madridemprende.anovagroup.es\/fr\/wp-json\/wp\/v2\/categories?post=6848"},{"taxonomy":"noticias","embeddable":true,"href":"https:\/\/test.madridemprende.anovagroup.es\/fr\/wp-json\/wp\/v2\/noticias?post=6848"}],"curies":[{"name":"wp","href":"https:\/\/api.w.org\/{rel}","templated":true}]}}