{"id":6850,"date":"2014-12-03T00:00:00","date_gmt":"2014-12-03T00:00:00","guid":{"rendered":"https:\/\/pre.madridemprende.anovagroup.es\/noticias\/madrid-emprende-colabora-con-la-catedra-de-investigacion-fundacion-konecta-urjc\/"},"modified":"2022-06-08T11:35:31","modified_gmt":"2022-06-08T09:35:31","slug":"madrid-emprende-colabora-con-la-catedra-de-investigacion-fundacion-konecta-urjc","status":"publish","type":"noticias","link":"https:\/\/test.madridemprende.anovagroup.es\/fr\/noticias\/madrid-emprende-colabora-con-la-catedra-de-investigacion-fundacion-konecta-urjc\/","title":{"rendered":"Madrid Emprende colabora con la C\u00e1tedra de Investigaci\u00f3n Fundaci\u00f3n Konecta-URJC"},"content":{"rendered":"<ul>\n<li>El objetivo es promover y facilitar el desarrollo de una educaci\u00f3n especializada, una cultura emprendedora inclusiva y una actividad econ\u00f3mica en el colectivo de personas con discapacidad<\/li>\n<li>La C\u00e1tedra impulsar\u00e1 la creaci\u00f3n de 12 proyectos de emprendimiento y asesorar\u00e1 a m\u00e1s de 200 emprendedores con discapacidad<\/li>\n<\/ul>\n<p> El Ayuntamiento de Madrid, a trav\u00e9s de Madrid Emprende, se suma a la C\u00e1tedra de Investigaci\u00f3n Fundaci\u00f3n Konecta-URJC para el Fomento del Emprendimiento de las Personas con Discapacidad que persigue fomentar el emprendimiento entre estas personas, gestionando su talento, aprovechando sus capacidades, \u00a0y desarrollando un plan de acci\u00f3n que permita implantar nuevas opciones de empleo.<\/p>\n<p> Como parte de su apoyo a esta iniciativa, el Ayuntamiento de Madrid facilitar\u00e1 la colaboraci\u00f3n directa con la \u00a0Red de Viveros de Empresa de la ciudad de Madrid, donde se apoya al movimiento emprendedor, a fin de generar entornos inclusivos y normalizados para el emprendedor con discapacidad una vez superadas las acciones de asesoramiento, formaci\u00f3n, orientaci\u00f3n e implantaci\u00f3n de los proyectos de emprendimiento atendidos por la C\u00e1tedra.<\/p>\n<p> El fin \u00faltimo es contribuir a la formaci\u00f3n de profesionales cualificados, fomentar la unidad entre ellos y generar empresas competitivas como elemento de integraci\u00f3n laboral del colectivo de personas con discapacidad y de los profesionales que trabajan por su inclusi\u00f3n social, potenciando el empleo de calidad y promocionando el autoempleo.<br \/> Igualmente, la C\u00e1tedra de Investigaci\u00f3n Fundaci\u00f3n Konecta \u2013 URJC busca trasladar al mundo universitario las prioridades y el car\u00e1cter pr\u00e1ctico de la investigaci\u00f3n en estos temas, estableciendo los puentes necesarios entre las instituciones acad\u00e9micas, los organismos p\u00fablicos y la sociedad civil.<\/p>\n<p> De esta forma, el Ayuntamiento de Madrid, a trav\u00e9s de Madrid Emprende, la Fundaci\u00f3n Konecta y la Universidad Rey Juan Carlos, se alinean para tratar de dar respuesta a una demanda actual, ofreciendo un apoyo m\u00e1s intenso al emprendimiento, el autoempleo y las iniciativas de econom\u00eda social que aporten nuevas oportunidades a las personas con discapacidad.<\/p>\n<p> Los beneficiaros de esta iniciativa ser\u00e1n personas con discapacidad, tanto universitarios matriculados en la URJC -referente nacional de atenci\u00f3n a estudiantes con discapacidad como resultado de las buenas pr\u00e1cticas realizadas en materia de atenci\u00f3n al estudiante y de fomento de la empleabilidad- y en otras universidades madrile\u00f1as, como otras personas de este colectivo no universitarias que deseen emprender.<br \/> \u00a0<br \/> Para este primer a\u00f1o, la C\u00e1tedra se plantea como meta la creaci\u00f3n de 12 proyectos de emprendimiento y la formaci\u00f3n (on line y presencial) de 200 potenciales emprendedores en temas como orientaci\u00f3n hacia el emprendimiento, contabilidad, desarrollo de habilidades espec\u00edficas, branding personal, estrategias de financiaci\u00f3n, productos de apoyo y accesibilidad universal, o ideas de negocio. Adem\u00e1s, se llevar\u00e1n a cabo acciones de mentoring y coaching especializada por profesores de la universidad y por miembros de la Asociaci\u00f3n Espa\u00f1ola de Emprendedores con Discapacidad (siendo el presidente de la misma, Antonio Tejada, el Embajador de la C\u00e1tedra), encuentros empresariales entre empresas y nuevos emprendedores con discapacidad, jornadas formativas sobre emprendimiento, etc.<br \/> \u00a0<\/p>\n","protected":false},"excerpt":{"rendered":"<p> \tEl objetivo es promover y facilitar el desarrollo de una educaci\u00f3n&#8230;<\/p>\n","protected":false},"featured_media":6851,"template":"","meta":{"_acf_changed":false},"categories":[],"noticias":[],"class_list":["post-6850","noticias","type-noticias","status-publish","has-post-thumbnail","hentry"],"acf":[],"_links":{"self":[{"href":"https:\/\/test.madridemprende.anovagroup.es\/fr\/wp-json\/wp\/v2\/noticias\/6850"}],"collection":[{"href":"https:\/\/test.madridemprende.anovagroup.es\/fr\/wp-json\/wp\/v2\/noticias"}],"about":[{"href":"https:\/\/test.madridemprende.anovagroup.es\/fr\/wp-json\/wp\/v2\/types\/noticias"}],"version-history":[{"count":0,"href":"https:\/\/test.madridemprende.anovagroup.es\/fr\/wp-json\/wp\/v2\/noticias\/6850\/revisions"}],"wp:featuredmedia":[{"embeddable":true,"href":"https:\/\/test.madridemprende.anovagroup.es\/fr\/wp-json\/wp\/v2\/media\/6851"}],"wp:attachment":[{"href":"https:\/\/test.madridemprende.anovagroup.es\/fr\/wp-json\/wp\/v2\/media?parent=6850"}],"wp:term":[{"taxonomy":"category","embeddable":true,"href":"https:\/\/test.madridemprende.anovagroup.es\/fr\/wp-json\/wp\/v2\/categories?post=6850"},{"taxonomy":"noticias","embeddable":true,"href":"https:\/\/test.madridemprende.anovagroup.es\/fr\/wp-json\/wp\/v2\/noticias?post=6850"}],"curies":[{"name":"wp","href":"https:\/\/api.w.org\/{rel}","templated":true}]}}