{"id":6854,"date":"2014-11-18T00:00:00","date_gmt":"2014-11-18T00:00:00","guid":{"rendered":"https:\/\/pre.madridemprende.anovagroup.es\/noticias\/enterate-madrid-ha-reunido-a-mas-de-2000-jovenes-en-busca-de-empleo-formacion-o-crear-su-propio-negocio\/"},"modified":"2022-06-08T11:35:32","modified_gmt":"2022-06-08T09:35:32","slug":"enterate-madrid-ha-reunido-a-mas-de-2000-jovenes-en-busca-de-empleo-formacion-o-crear-su-propio-negocio","status":"publish","type":"noticias","link":"https:\/\/test.madridemprende.anovagroup.es\/fr\/noticias\/enterate-madrid-ha-reunido-a-mas-de-2000-jovenes-en-busca-de-empleo-formacion-o-crear-su-propio-negocio\/","title":{"rendered":"Ent\u00e9rate Madrid ha reunido a m\u00e1s de 2.000 j\u00f3venes en busca de empleo, formaci\u00f3n o crear su propio negocio"},"content":{"rendered":"<p>El martes 18 de noviembre ha tenido lugar en el\u00a0<strong>Hotel NH Parque Avenidas<\/strong>\u00a0la segunda edici\u00f3n de\u00a0<strong>Ent\u00e9rate Madrid<\/strong>, que ha contado con el\u00a0<strong>apoyo oficial del Ayuntamiento de Madrid a trav\u00e9s Madrid Emprende<\/strong>. Orientado a j\u00f3venes, estudiantes reci\u00e9n licenciados, <strong>Evento Ent\u00e9rate<\/strong>, el encuentro itinerante m\u00e1s importante de Espa\u00f1a sobre\u00a0<strong>empleo, formaci\u00f3n y emprendimiento<\/strong>, pretende ser una herramienta que ayude a los j\u00f3venes a decidir la orientaci\u00f3n de su carrera profesional.<br \/> Esta segunda edici\u00f3n de Madrid ha contado con m\u00e1s de 2.000 visitantes, as\u00ed como con la presencia de importantes entidades, como\u00a0<strong>LinkedIn<\/strong>,\u00a0<strong>Deloitte<\/strong>,\u00a0<strong>Jansen<\/strong>, el\u00a0<strong>Instituto de Empresa<\/strong>\u00a0o\u00a0<strong>PwC<\/strong>. Los asistentes han podido asistir a ponencias, mesas redondas y conferencias, y tambi\u00e9n informarse sobre la posibilidad de estudios postgrado o de idiomas.<br \/> \u00a0<br \/> Una de las posibilidades a considerar por los j\u00f3venes al finalizar sus estudios es crear su propio empleo. Como ya ocurri\u00f3 en su anterior edici\u00f3n, el emprendimiento tambi\u00e9n ha tenido un papel muy relevante en Ent\u00e9rate Madrid.\u00a0<strong>Madrid Emprende<\/strong>\u00a0ha estado presente con un espacio propio, a trav\u00e9s de conferencias y en la\u00a0<strong>Batalla<\/strong><strong> de Emprendedores<\/strong>.<br \/> \u00a0<br \/> El evento cont\u00f3 con la ponencia\u00a0<strong>\u00abApoyos del Ayuntamiento al emprendimiento, Madrid Emprende\u00bb<\/strong>, a cargo de\u00a0<strong>Almudena Morales<\/strong>, jefa del Servicio de Promoci\u00f3n Econ\u00f3mica e Internacionalizaci\u00f3n del Ayuntamiento de Madrid.<br \/> \u00a0<br \/> Madrid Emprende ha participado en la Batalla de Emprendedores con dos equipos. La Batalla de Emprendedores es un reto en que los diferentes equipos tienen unas pocas horas para elaborar y presentar un proyecto de negocio que resuelva un problema o cuesti\u00f3n que se les comunica al empezar. Mentorizada por el\u00a0<strong>Instituto de Empresa<\/strong>\u00a0y con dispositivos m\u00f3viles de\u00a0<strong>BQ<\/strong>\u00a0para los ganadores, el tema en esta edici\u00f3n ha sido la educaci\u00f3n del futuro.<br \/> \u00a0<br \/> Tras la presentaci\u00f3n de los proyectos, el equipo ganador de la Batalla de Emprendedores fue el de\u00a0<strong>AJE Madrid<\/strong>. Otros equipos participantes fueron el de\u00a0<strong>EIE<\/strong>, uno formado por estudiantes de la\u00a0<strong>Universidad Alfonso<\/strong><strong> X El Sabio<\/strong>\u00a0y la\u00a0<strong>Universidad<\/strong><strong> de Alcal\u00e1 de Henares<\/strong>, as\u00ed como un equipo formado por personas que se conocieron el mismo d\u00eda del evento.<br \/> \u00a0<br \/> Adem\u00e1s, desde su stand en Evento Ent\u00e9rate, Madrid Emprende ha asesorado gratuitamente sobre sus servicios para emprendedores a todos aquellos j\u00f3venes que se est\u00e1n planteando, o que han decidido hacer del emprendimiento su opci\u00f3n profesional.<\/p>\n","protected":false},"excerpt":{"rendered":"<p>El martes 18 de noviembre ha tenido lugar en el\u00a0Hotel NH Parque Avenidas\u00a0la&#8230;<\/p>\n","protected":false},"featured_media":6855,"template":"","meta":{"_acf_changed":false},"categories":[],"noticias":[],"class_list":["post-6854","noticias","type-noticias","status-publish","has-post-thumbnail","hentry"],"acf":[],"_links":{"self":[{"href":"https:\/\/test.madridemprende.anovagroup.es\/fr\/wp-json\/wp\/v2\/noticias\/6854"}],"collection":[{"href":"https:\/\/test.madridemprende.anovagroup.es\/fr\/wp-json\/wp\/v2\/noticias"}],"about":[{"href":"https:\/\/test.madridemprende.anovagroup.es\/fr\/wp-json\/wp\/v2\/types\/noticias"}],"version-history":[{"count":0,"href":"https:\/\/test.madridemprende.anovagroup.es\/fr\/wp-json\/wp\/v2\/noticias\/6854\/revisions"}],"wp:featuredmedia":[{"embeddable":true,"href":"https:\/\/test.madridemprende.anovagroup.es\/fr\/wp-json\/wp\/v2\/media\/6855"}],"wp:attachment":[{"href":"https:\/\/test.madridemprende.anovagroup.es\/fr\/wp-json\/wp\/v2\/media?parent=6854"}],"wp:term":[{"taxonomy":"category","embeddable":true,"href":"https:\/\/test.madridemprende.anovagroup.es\/fr\/wp-json\/wp\/v2\/categories?post=6854"},{"taxonomy":"noticias","embeddable":true,"href":"https:\/\/test.madridemprende.anovagroup.es\/fr\/wp-json\/wp\/v2\/noticias?post=6854"}],"curies":[{"name":"wp","href":"https:\/\/api.w.org\/{rel}","templated":true}]}}