{"id":6870,"date":"2014-12-17T00:00:00","date_gmt":"2014-12-17T00:00:00","guid":{"rendered":"https:\/\/pre.madridemprende.anovagroup.es\/noticias\/top-entrepreneur-rafael-ausejo-cofundador-de-ruralka\/"},"modified":"2022-06-08T11:35:29","modified_gmt":"2022-06-08T09:35:29","slug":"top-entrepreneur-rafael-ausejo-cofundador-de-ruralka","status":"publish","type":"noticias","link":"https:\/\/test.madridemprende.anovagroup.es\/fr\/noticias\/top-entrepreneur-rafael-ausejo-cofundador-de-ruralka\/","title":{"rendered":"Top Entrepreneur Rafael Ausejo, cofundador de Ruralka"},"content":{"rendered":"<p style=\"margin: 0cm 0cm 0.0001pt; line-height: 16pt; background-image: initial; background-attachment: initial; background-size: initial; background-origin: initial; background-clip: initial; background-position: initial; background-repeat: initial;\"><span style=\"font-size:11.0pt;font-family:Helvetica;color:#141823\">El pasado jueves 11 de noviembre tuvo lugar un<span class=\"apple-converted-space\">\u00a0<\/span><b>Top Entrepreneurs<\/b><span class=\"apple-converted-space\">\u00a0<\/span>en el<span class=\"apple-converted-space\">\u00a0<\/span><b>Vivero de Empresas de Puente de <st1:personname w:st=\"on\">Vallecas<\/st1:personname><\/b>. Los Top Entrepreneurs son encuentros mensuales con un emprendedor de \u00e9xito relevante, que comparte con los asistentes su experiencia emprendedora.<o:p><\/o:p><\/span><\/p>\n<p style=\"margin: 0cm 0cm 0.0001pt; line-height: 16pt; background-image: initial; background-attachment: initial; background-size: initial; background-origin: initial; background-clip: initial; background-position: initial; background-repeat: initial;\"><span style=\"font-size:11.0pt;font-family:Helvetica;color:#141823\"><o:p>\u00a0<\/o:p><\/span><\/p>\n<p style=\"margin: 0cm 0cm 0.0001pt; line-height: 16pt; background-image: initial; background-attachment: initial; background-size: initial; background-origin: initial; background-clip: initial; background-position: initial; background-repeat: initial;\"><span style=\"font-size:11.0pt;font-family:Helvetica;color:#141823\">En esta ocasi\u00f3n ha intervenido<span class=\"apple-converted-space\">\u00a0<\/span><b>Rafael Ausejo<\/b>, emprendedor decano en el sector de Internet. Rafael es cofundador de<span class=\"apple-converted-space\">\u00a0<\/span><b>Ruralka<\/b><span class=\"apple-converted-space\">\u00a0<\/span>[<a href=\"http:\/\/www.ruralka.com\/\" style=\"cursor:pointer\" target=\"_blank\" rel=\"noopener\"><span style=\"color:#3B5998;text-decoration: none;text-underline:none\">http:\/\/www.ruralka.com<\/span><\/a>], empresa l\u00edder en el sector de reservas online de casas rurales y hoteles de calidad. Siempre en continua expansi\u00f3n, est\u00e1n presentes en Portugal, M\u00e9xico y Colombia, llegando ya a los 850.000 usuarios anuales y una facturaci\u00f3n anual de un mill\u00f3n de euros. Adem\u00e1s, Rafael participa en nuevas startups como <b>The Country Chef<\/b><span class=\"apple-converted-space\">\u00a0<\/span>y<span class=\"apple-converted-space\">\u00a0<\/span><b>Ruralka on Road<\/b>.<o:p><\/o:p><\/span><\/p>\n<p style=\"margin: 0cm 0cm 0.0001pt; line-height: 16pt; background-image: initial; background-attachment: initial; background-size: initial; background-origin: initial; background-clip: initial; background-position: initial; background-repeat: initial;\"><span style=\"font-size:11.0pt;font-family:Helvetica;color:#141823\"><o:p>\u00a0<\/o:p><\/span><\/p>\n<p style=\"margin: 0cm 0cm 0.0001pt; line-height: 16pt; background-image: initial; background-attachment: initial; background-size: initial; background-origin: initial; background-clip: initial; background-position: initial; background-repeat: initial;\"><span style=\"font-size:11.0pt;font-family:Helvetica;color:#141823\"><o:p>\u00a0<\/o:p><\/span><\/p>\n<p style=\"margin: 0cm 0cm 0.0001pt; line-height: 16pt; background-image: initial; background-attachment: initial; background-size: initial; background-origin: initial; background-clip: initial; background-position: initial; background-repeat: initial;\"><b><span style=\"font-size:11.0pt;font-family:Helvetica;color:#141823\">Ponerse en marcha<\/span><\/b><span style=\"font-size:11.0pt;font-family:Helvetica;color:#141823\"><o:p><\/o:p><\/span><\/p>\n<p style=\"margin: 0cm 0cm 0.0001pt; line-height: 16pt; background-image: initial; background-attachment: initial; background-size: initial; background-origin: initial; background-clip: initial; background-position: initial; background-repeat: initial;\"><span style=\"font-size:11.0pt;font-family:Helvetica;color:#141823\">Rafael Ausejo cuenta que lleg\u00f3 un momento en que su socio Jos\u00e9 Mar\u00eda Bela\u00fande y \u00e9l se preguntaron: \u00ab\u00bfY si ponemos en marcha esto de lo que hemos estado hablando toda la vida?\u00bb. Y comenzaron su andadura emprendedora. \u00abQuer\u00edamos ser due\u00f1os de nuestro tiempo\u00bb.<o:p><\/o:p><\/span><\/p>\n<p style=\"margin: 0cm 0cm 0.0001pt; line-height: 16pt; background-image: initial; background-attachment: initial; background-size: initial; background-origin: initial; background-clip: initial; background-position: initial; background-repeat: initial;\"><span style=\"font-size:11.0pt;font-family:Helvetica;color:#141823\"><o:p>\u00a0<\/o:p><\/span><\/p>\n<p style=\"margin: 0cm 0cm 0.0001pt; line-height: 16pt; background-image: initial; background-attachment: initial; background-size: initial; background-origin: initial; background-clip: initial; background-position: initial; background-repeat: initial;\"><span style=\"font-size:11.0pt;font-family:Helvetica;color:#141823\">Preguntado por si hab\u00eda alg\u00fan emprendedor en su casa, Rafael responde que \u00abnadie. Nuestra familia nos dec\u00eda que estudi\u00e1ramos y trabaj\u00e1ramos\u00bb (refiri\u00e9ndose a empleo por cuenta ajena).<o:p><\/o:p><\/span><\/p>\n<p style=\"margin: 0cm 0cm 0.0001pt; line-height: 16pt; background-image: initial; background-attachment: initial; background-size: initial; background-origin: initial; background-clip: initial; background-position: initial; background-repeat: initial;\"><span style=\"font-size:11.0pt;font-family:Helvetica;color:#141823\"><o:p>\u00a0<\/o:p><\/span><\/p>\n<p style=\"margin: 0cm 0cm 0.0001pt; line-height: 16pt; background-image: initial; background-attachment: initial; background-size: initial; background-origin: initial; background-clip: initial; background-position: initial; background-repeat: initial;\"><span style=\"font-size:11.0pt;font-family:Helvetica;color:#141823\">Sin embargo, \u00abnuestra abuela fue la primera mecenas de la compa\u00f1\u00eda\u00bb: su primer local fue una casa que ella les dej\u00f3.<o:p><\/o:p><\/span><\/p>\n<p style=\"margin: 0cm 0cm 0.0001pt; line-height: 16pt; background-image: initial; background-attachment: initial; background-size: initial; background-origin: initial; background-clip: initial; background-position: initial; background-repeat: initial;\"><span style=\"font-size:11.0pt;font-family:Helvetica;color:#141823\"><o:p>\u00a0<\/o:p><\/span><\/p>\n<p style=\"margin: 0cm 0cm 0.0001pt; line-height: 16pt; background-image: initial; background-attachment: initial; background-size: initial; background-origin: initial; background-clip: initial; background-position: initial; background-repeat: initial;\"><b><span style=\"font-size:11.0pt;font-family:Helvetica;color:#141823\">Claves del \u00e9xito<\/span><\/b><span style=\"font-size:11.0pt;font-family:Helvetica;color:#141823\"><o:p><\/o:p><\/span><\/p>\n<p style=\"margin: 0cm 0cm 0.0001pt; line-height: 16pt; background-image: initial; background-attachment: initial; background-size: initial; background-origin: initial; background-clip: initial; background-position: initial; background-repeat: initial;\"><span style=\"font-size:11.0pt;font-family:Helvetica;color:#141823\">Rafael considera que una clave del \u00e9xito en los primeros a\u00f1os es que estaban muy enfocados en la tarea comercial. En su opini\u00f3n, \u00abun emprendedor no tiene que estar detr\u00e1s de un Excel, tiene que estar detr\u00e1s de un cliente\u00bb.<o:p><\/o:p><\/span><\/p>\n<p style=\"margin: 0cm 0cm 0.0001pt; line-height: 16pt; background-image: initial; background-attachment: initial; background-size: initial; background-origin: initial; background-clip: initial; background-position: initial; background-repeat: initial;\"><span style=\"font-size:11.0pt;font-family:Helvetica;color:#141823\"><o:p>\u00a0<\/o:p><\/span><\/p>\n<p style=\"margin: 0cm 0cm 0.0001pt; line-height: 16pt; background-image: initial; background-attachment: initial; background-size: initial; background-origin: initial; background-clip: initial; background-position: initial; background-repeat: initial;\"><span style=\"font-size:11.0pt;font-family:Helvetica;color:#141823\">\u00abHemos sido autodidactas, nos gui\u00e1bamos por <st1:personname productid=\"la intuici\u00c3\u00b3n. El\" w:st=\"on\">la intuici\u00f3n. El<\/st1:personname> term\u00f3metro m\u00e1s importante es estar en la calle\u00bb, dice Rafael Ausejo. Y explica que \u00abal principio pusimos precios muy bajos. Fue esencial para poder conseguir los primeros clientes\u00bb.<o:p><\/o:p><\/span><\/p>\n<p style=\"margin: 0cm 0cm 0.0001pt; line-height: 16pt; background-image: initial; background-attachment: initial; background-size: initial; background-origin: initial; background-clip: initial; background-position: initial; background-repeat: initial;\"><span style=\"font-size:11.0pt;font-family:Helvetica;color:#141823\"><o:p>\u00a0<\/o:p><\/span><\/p>\n<p style=\"margin: 0cm 0cm 0.0001pt; line-height: 16pt; background-image: initial; background-attachment: initial; background-size: initial; background-origin: initial; background-clip: initial; background-position: initial; background-repeat: initial;\"><span style=\"font-size:11.0pt;font-family:Helvetica;color:#141823\">\u00ab\u00c9ramos muy fuertes en marketing y en comunicaci\u00f3n. Lo que vend\u00edamos a los hoteles eran valores diferentes a los que ellos ya ofrec\u00edan\u00bb.<o:p><\/o:p><\/span><\/p>\n<p style=\"margin: 0cm 0cm 0.0001pt; line-height: 16pt; background-image: initial; background-attachment: initial; background-size: initial; background-origin: initial; background-clip: initial; background-position: initial; background-repeat: initial;\"><span style=\"font-size:11.0pt;font-family:Helvetica;color:#141823\"><o:p>\u00a0<\/o:p><\/span><\/p>\n<p style=\"margin: 0cm 0cm 0.0001pt; line-height: 16pt; background-image: initial; background-attachment: initial; background-size: initial; background-origin: initial; background-clip: initial; background-position: initial; background-repeat: initial;\"><span style=\"font-size:11.0pt;font-family:Helvetica;color:#141823\">Preguntado por la cuesti\u00f3n del crecimiento de su compa\u00f1\u00eda, Rafael Ausejo explica que \u00abnuestra filosof\u00eda siempre fue &#8216;happy life, small business'\u00bb.<o:p><\/o:p><\/span><\/p>\n<p style=\"margin: 0cm 0cm 0.0001pt; line-height: 16pt; background-image: initial; background-attachment: initial; background-size: initial; background-origin: initial; background-clip: initial; background-position: initial; background-repeat: initial;\"><span style=\"font-size:11.0pt;font-family:Helvetica;color:#141823\"><o:p>\u00a0<\/o:p><\/span><\/p>\n<p style=\"margin: 0cm 0cm 0.0001pt; line-height: 16pt; background-image: initial; background-attachment: initial; background-size: initial; background-origin: initial; background-clip: initial; background-position: initial; background-repeat: initial;\"><b><span style=\"font-size:11.0pt;font-family:Helvetica;color:#141823\">Atentos al cliente y a los cambios del mercado<\/span><\/b><span style=\"font-size:11.0pt;font-family: Helvetica;color:#141823\"><o:p><\/o:p><\/span><\/p>\n<p style=\"margin: 0cm 0cm 0.0001pt; line-height: 16pt; background-image: initial; background-attachment: initial; background-size: initial; background-origin: initial; background-clip: initial; background-position: initial; background-repeat: initial;\"><span style=\"font-size:11.0pt;font-family:Helvetica;color:#141823\">Cuando tuvieron \u00e9xito, a menudo les dec\u00edan \u00abYa hab\u00e9is triunfado, ahora a estar en la atalaya, \u00bfno?\u00bb. Pero ellos lo ten\u00edan claro: \u00abNo, siempre estaremos encima del cliente\u00bb.<o:p><\/o:p><\/span><\/p>\n<p style=\"margin: 0cm 0cm 0.0001pt; line-height: 16pt; background-image: initial; background-attachment: initial; background-size: initial; background-origin: initial; background-clip: initial; background-position: initial; background-repeat: initial;\"><span style=\"font-size:11.0pt;font-family:Helvetica;color:#141823\"><o:p>\u00a0<\/o:p><\/span><\/p>\n<p style=\"margin: 0cm 0cm 0.0001pt; line-height: 16pt; background-image: initial; background-attachment: initial; background-size: initial; background-origin: initial; background-clip: initial; background-position: initial; background-repeat: initial;\"><span style=\"font-size:11.0pt;font-family:Helvetica;color:#141823\">Rafael Ausejo cuenta que \u00abhemos creado un spin off gastron\u00f3mico: The Country Chef. Su filosof\u00eda es volver al puchero en la era digital\u00bb. \u00abRuralka on the Road es otro spin off, para la gente a la que le gusta viajar en moto\u00bb.<o:p><\/o:p><\/span><\/p>\n<p style=\"margin: 0cm 0cm 0.0001pt; line-height: 16pt; background-image: initial; background-attachment: initial; background-size: initial; background-origin: initial; background-clip: initial; background-position: initial; background-repeat: initial;\"><span style=\"font-size:11.0pt;font-family:Helvetica;color:#141823\"><o:p>\u00a0<\/o:p><\/span><\/p>\n<p style=\"margin: 0cm 0cm 0.0001pt; line-height: 16pt; background-image: initial; background-attachment: initial; background-size: initial; background-origin: initial; background-clip: initial; background-position: initial; background-repeat: initial;\"><span style=\"font-size:11.0pt;font-family:Helvetica;color:#141823\">\u00abSacamos nuevos modelos de negocio porque los propios clientes lo van demandando, es lo natural si est\u00e1s atento\u00bb, dice Rafael. Y a\u00f1ade: \u00abNuestra mayor virtud, no ya como emprendedores sino como personas, ha sido la cercan\u00eda con la gente\u00bb.<o:p><\/o:p><\/span><\/p>\n<p style=\"margin: 0cm 0cm 0.0001pt; line-height: 16pt; background-image: initial; background-attachment: initial; background-size: initial; background-origin: initial; background-clip: initial; background-position: initial; background-repeat: initial;\"><span style=\"font-size:11.0pt;font-family:Helvetica;color:#141823\"><o:p>\u00a0<\/o:p><\/span><\/p>\n<p style=\"margin: 0cm 0cm 0.0001pt; line-height: 16pt; background-image: initial; background-attachment: initial; background-size: initial; background-origin: initial; background-clip: initial; background-position: initial; background-repeat: initial;\"><span style=\"font-size:11.0pt;font-family:Helvetica;color:#141823\">Para finalizar el Top Entrepreneurs, Rafael Ausejo dej\u00f3 escrita una frase en una ventana del Vivero de Empresas de Puente de <st1:personname w:st=\"on\">Vallecas<\/st1:personname>:<span class=\"apple-converted-space\">\u00a0<\/span><b>\u00abCreer, Crear, Avanzar!!\u00bb<\/b>.<o:p><\/o:p><\/span><\/p>\n","protected":false},"excerpt":{"rendered":"<p>El pasado jueves 11 de noviembre tuvo lugar un\u00a0Top Entrepreneurs\u00a0en&#8230;<\/p>\n","protected":false},"featured_media":6871,"template":"","meta":{"_acf_changed":false},"categories":[],"noticias":[],"class_list":["post-6870","noticias","type-noticias","status-publish","has-post-thumbnail","hentry"],"acf":[],"_links":{"self":[{"href":"https:\/\/test.madridemprende.anovagroup.es\/fr\/wp-json\/wp\/v2\/noticias\/6870"}],"collection":[{"href":"https:\/\/test.madridemprende.anovagroup.es\/fr\/wp-json\/wp\/v2\/noticias"}],"about":[{"href":"https:\/\/test.madridemprende.anovagroup.es\/fr\/wp-json\/wp\/v2\/types\/noticias"}],"version-history":[{"count":0,"href":"https:\/\/test.madridemprende.anovagroup.es\/fr\/wp-json\/wp\/v2\/noticias\/6870\/revisions"}],"wp:featuredmedia":[{"embeddable":true,"href":"https:\/\/test.madridemprende.anovagroup.es\/fr\/wp-json\/wp\/v2\/media\/6871"}],"wp:attachment":[{"href":"https:\/\/test.madridemprende.anovagroup.es\/fr\/wp-json\/wp\/v2\/media?parent=6870"}],"wp:term":[{"taxonomy":"category","embeddable":true,"href":"https:\/\/test.madridemprende.anovagroup.es\/fr\/wp-json\/wp\/v2\/categories?post=6870"},{"taxonomy":"noticias","embeddable":true,"href":"https:\/\/test.madridemprende.anovagroup.es\/fr\/wp-json\/wp\/v2\/noticias?post=6870"}],"curies":[{"name":"wp","href":"https:\/\/api.w.org\/{rel}","templated":true}]}}