{"id":6882,"date":"2015-01-19T00:00:00","date_gmt":"2015-01-19T00:00:00","guid":{"rendered":"https:\/\/pre.madridemprende.anovagroup.es\/noticias\/formacin-para-mujeres-que-desean-llegar-lejos-con-sus-ideas\/"},"modified":"2022-06-08T11:35:27","modified_gmt":"2022-06-08T09:35:27","slug":"formacin-para-mujeres-que-desean-llegar-lejos-con-sus-ideas","status":"publish","type":"noticias","link":"https:\/\/test.madridemprende.anovagroup.es\/fr\/noticias\/formacin-para-mujeres-que-desean-llegar-lejos-con-sus-ideas\/","title":{"rendered":"Formaci\u00f3n para mujeres que desean llegar lejos con sus ideas"},"content":{"rendered":"<ul>\n<li>Es un programa que nace por iniciativa del Consejo Superior de C\u00e1maras de Comercio,\u00a0<a href=\\\"\/es\\\">Madrid Emprende<\/a>\u00a0y la\u00a0<a href=\\\"http:\/\/l.facebook.com\/l.php?u=http%3A%2F%2Fwww.incyde.org%2F&#038;h=4AQHoLXDD&#038;s=1\\\" target=\\\"_blank\\\">Fundaci\u00f3n Incyde<\/a>.<\/li>\n<li>Como lanzamiento se ha desarrollado una jornada de orientaci\u00f3n en\u00a0<a href=\\\"\/es\/emprendedores\/espacios-para-emprendedores\/viveros-de-empresas\/Viveros\/ficha\/8a8823acabb3f7b8d9609b0a41497e3f\/\\\" target=\\\"_blank\\\">Madrid International Lab<\/a>, que precede a un programa gratuito de 8 semanas de formaci\u00f3n para mujeres emprendedoras<\/li>\n<li>Este programa pretende dar apoyo a las mujeres emprendedoras que pretendan desarrollar su negocio en el \u00e1mbito competitivo de los sectores emergentes en Madrid<\/li>\n<\/ul>\n<p>La formaci\u00f3n es el mejor aliado para quien quiere tener \u00e9xito en su negocio. Ayer se organiz\u00f3 en Madrid International Lab una jornada de orientaci\u00f3n dirigida a mujeres emprendedoras en sectores econ\u00f3micos emergentes, donde se ofrecieron pautas sobre c\u00f3mo aprovechar al m\u00e1ximo las posibilidades que el entorno de Madrid. Adem\u00e1s, se analizaron las aptitudes caracter\u00edsticas de las mujeres emprendedoras.<br \/> La sesi\u00f3n fue dirigida por Isabel Mart\u00ednez, de la Fundaci\u00f3n Incyde, y en ella se ha querido transmitir c\u00f3mo se crea el networking desde un punto de vista emp\u00edrico, as\u00ed como mostrar de forma pr\u00e1ctica que la creatividad nunca es individual, sino que se trata de un proceso en equipo, formado por perfiles diferentes con ideas diferentes.<br \/> Este encuentro precede a la puesta en marcha de un Programa de Creaci\u00f3n y Consolidaci\u00f3n de Empresas, llevado a cabo por EAA Grants, en colaboraci\u00f3n con Madrid Emprende. A trav\u00e9s del mismo, se ofrecer\u00e1 formaci\u00f3n a lo largo de 8 semanas a las mujeres responsables de los proyectos seleccionados.<br \/> \u00a0<br \/> <strong>El Programa para mujeres emprendedoras<\/strong><br \/> Durante cada una de esas semanas, se trabajar\u00e1 de forma tanto general como individualizada cada una de las \u00e1reas de la empresa, tutoradas, en cada uno de los \u00e1mbitos, por un profesional particular y especializado. Todo ello enfocado a poder realizar un plan de negocio que permitir\u00e1 establecer hip\u00f3tesis de situaci\u00f3n, marcar objetivos y minimizar los riesgos.<br \/> Algunas de las premisas para poder formar parte del programa, cuyo plazo de solicitud de inscripci\u00f3n permanecer\u00e1 abierto hasta el pr\u00f3ximo viernes 16 de enero, son que se trate de una idea que realmente se pretende llevar a cabo, que haya una posibilidad real de trabajar en su realizaci\u00f3n y puesta en marcha, y que se diferencie de alguna manera del resto de los negocios de su sector.<\/p>\n","protected":false},"excerpt":{"rendered":"<p>Es un programa que nace por iniciativa del Consejo Superior de C\u00e1maras de&#8230;<\/p>\n","protected":false},"featured_media":6883,"template":"","meta":{"_acf_changed":false},"categories":[],"noticias":[],"class_list":["post-6882","noticias","type-noticias","status-publish","has-post-thumbnail","hentry"],"acf":[],"_links":{"self":[{"href":"https:\/\/test.madridemprende.anovagroup.es\/fr\/wp-json\/wp\/v2\/noticias\/6882"}],"collection":[{"href":"https:\/\/test.madridemprende.anovagroup.es\/fr\/wp-json\/wp\/v2\/noticias"}],"about":[{"href":"https:\/\/test.madridemprende.anovagroup.es\/fr\/wp-json\/wp\/v2\/types\/noticias"}],"version-history":[{"count":0,"href":"https:\/\/test.madridemprende.anovagroup.es\/fr\/wp-json\/wp\/v2\/noticias\/6882\/revisions"}],"wp:featuredmedia":[{"embeddable":true,"href":"https:\/\/test.madridemprende.anovagroup.es\/fr\/wp-json\/wp\/v2\/media\/6883"}],"wp:attachment":[{"href":"https:\/\/test.madridemprende.anovagroup.es\/fr\/wp-json\/wp\/v2\/media?parent=6882"}],"wp:term":[{"taxonomy":"category","embeddable":true,"href":"https:\/\/test.madridemprende.anovagroup.es\/fr\/wp-json\/wp\/v2\/categories?post=6882"},{"taxonomy":"noticias","embeddable":true,"href":"https:\/\/test.madridemprende.anovagroup.es\/fr\/wp-json\/wp\/v2\/noticias?post=6882"}],"curies":[{"name":"wp","href":"https:\/\/api.w.org\/{rel}","templated":true}]}}