{"id":6886,"date":"2015-01-20T00:00:00","date_gmt":"2015-01-20T00:00:00","guid":{"rendered":"https:\/\/pre.madridemprende.anovagroup.es\/noticias\/el-ayuntamiento-con-mfshow-women\/"},"modified":"2022-06-08T11:35:27","modified_gmt":"2022-06-08T09:35:27","slug":"el-ayuntamiento-con-mfshow-women","status":"publish","type":"noticias","link":"https:\/\/test.madridemprende.anovagroup.es\/fr\/noticias\/el-ayuntamiento-con-mfshow-women\/","title":{"rendered":"El Ayuntamiento con MFSHOW WOMEN"},"content":{"rendered":"<h3><span style=\"font-size: 13px; line-height: 1.6em;\">La Galer\u00eda de Cristal de CentroCentro Cibeles se convertir\u00e1 por unos d\u00edas en el centro de la moda. La coordinadora general de Econom\u00eda y Empleo, Dolores Flores, ha asistido hoy a la presentaci\u00f3n de la pasarela de moda MFSHOW WOMEN, en la que se ha dado a conocer el calendario de desfiles que se celebrar\u00e1n entre el 4 y el 6 de febrero en este espacio emblem\u00e1tico del Palacio de Cibeles.<\/span><\/h3>\n<p> Organizada por TRESemm\u00e9, y con la colaboraci\u00f3n del Ayuntamiento, MFSHOW WOMEN llega a su octava edici\u00f3n con la propuesta de 13 firmas que presentar\u00e1n sus colecciones de Oto\u00f1o\/Invierno 2015. Y como novedad de este a\u00f1o, la entrega, por primera vez, del Premio TRESemm\u00e9 al mejor dise\u00f1ador, que ser\u00e1 elegido mediante voto popular.<\/p>\n<p> El mi\u00e9rcoles 4 de febrero desfilar\u00e1n por la Galer\u00eda de Cristal las siguientes firmas: Entramados &#038; Duyos by ESNE, Maybeline New Cork, M\u00f3nica Cordera, Poe y Jorge Acu\u00f1a. El jueves 5 de febrero ser\u00e1 el turno de los dise\u00f1adores Pilles Ricart, David Christian, Aurelia Gil\/Yono Taola, La Condesa feat GlamSmile, Marcos Luengo y Miguel Palacio. Y el 6 de febrero, El Corte Ingl\u00e9s dedica el d\u00eda a las mujeres con curvas con los desfiles de Couchel, Adolfo Dom\u00ednguez + y Elena Mir\u00f3.<\/p>\n<p> \u00a0<\/p>\n","protected":false},"excerpt":{"rendered":"<p>La Galer\u00eda de Cristal de CentroCentro Cibeles se convertir\u00e1 por unos d\u00edas&#8230;<\/p>\n","protected":false},"featured_media":6887,"template":"","meta":{"_acf_changed":false},"categories":[],"noticias":[],"class_list":["post-6886","noticias","type-noticias","status-publish","has-post-thumbnail","hentry"],"acf":[],"_links":{"self":[{"href":"https:\/\/test.madridemprende.anovagroup.es\/fr\/wp-json\/wp\/v2\/noticias\/6886"}],"collection":[{"href":"https:\/\/test.madridemprende.anovagroup.es\/fr\/wp-json\/wp\/v2\/noticias"}],"about":[{"href":"https:\/\/test.madridemprende.anovagroup.es\/fr\/wp-json\/wp\/v2\/types\/noticias"}],"version-history":[{"count":0,"href":"https:\/\/test.madridemprende.anovagroup.es\/fr\/wp-json\/wp\/v2\/noticias\/6886\/revisions"}],"wp:featuredmedia":[{"embeddable":true,"href":"https:\/\/test.madridemprende.anovagroup.es\/fr\/wp-json\/wp\/v2\/media\/6887"}],"wp:attachment":[{"href":"https:\/\/test.madridemprende.anovagroup.es\/fr\/wp-json\/wp\/v2\/media?parent=6886"}],"wp:term":[{"taxonomy":"category","embeddable":true,"href":"https:\/\/test.madridemprende.anovagroup.es\/fr\/wp-json\/wp\/v2\/categories?post=6886"},{"taxonomy":"noticias","embeddable":true,"href":"https:\/\/test.madridemprende.anovagroup.es\/fr\/wp-json\/wp\/v2\/noticias?post=6886"}],"curies":[{"name":"wp","href":"https:\/\/api.w.org\/{rel}","templated":true}]}}