{"id":6900,"date":"2015-02-17T00:00:00","date_gmt":"2015-02-17T00:00:00","guid":{"rendered":"https:\/\/pre.madridemprende.anovagroup.es\/noticias\/madrid-emprende-premiada-en-el-salon-mi-empresa\/"},"modified":"2022-06-08T11:35:25","modified_gmt":"2022-06-08T09:35:25","slug":"madrid-emprende-premiada-en-el-salon-mi-empresa","status":"publish","type":"noticias","link":"https:\/\/test.madridemprende.anovagroup.es\/fr\/noticias\/madrid-emprende-premiada-en-el-salon-mi-empresa\/","title":{"rendered":"Madrid Emprende premiada en el Sal\u00f3n Mi Empresa"},"content":{"rendered":"<p>El Barclaycard Center (antiguo Palacio de Deportes de la Comunidad de Madrid) ha sido el escenario del evento, en el que se han orientado a m\u00e1s de 15.000 emprendedores. Madrid Emprende, marca bajo la que el Ayuntamiento de Madrid impulsa todos sus servicios de promoci\u00f3n empresarial, ha respaldado esta nueva convocatoria, que ha contado con <strong>Bankia <\/strong>como patrocinador principal y con <strong>Correos <\/strong>como copatrocinador.<br \/> \u00a0<br \/> Tras la inauguraci\u00f3n del Sal\u00f3n, <strong>S\u00e9bastien Chartier<\/strong>, Consejero Delegado de Creaventure y Co-Fundador del Sal\u00f3n Mi Empresa, entreg\u00f3 el <strong>premio a Madrid Emprende<\/strong>, por su compromiso y apoyo al emprendimiento, reconociendo su trayectoria y dedicaci\u00f3n continua al colectivo emprendedor. Tambi\u00e9n fue galardonado por su labor el programa \u201cEmprende\u201d de TVE.<br \/> \u00a0<br \/> La alcaldesa de Madrid, Ana Botella, \u00a0no quiso perderse esta VI edici\u00f3n y acudi\u00f3 al Sal\u00f3n Mi Empresa para visitar algunos de los stands m\u00e1s representativos, interes\u00e1ndose por los stands de Microsoft, Correos, Bankia, Revista Emprendedores, Fundaci\u00f3n ONCE \u2013 FSC Inserta, UPTA, Fundaci\u00f3n Repsol, Banco Sabadell y Madrid Emprende, donde representantes de cada una de estas organizaciones la recibieron y compartieron con ella la labor que est\u00e1n llevando a cabo en apoyo y colaboraci\u00f3n con el emprendimiento.<br \/> \u00a0<br \/> En esta VI edici\u00f3n se ha contado con <strong>un punto de asesoramiento al visitante<\/strong>, donde expertos de Creaventure, empresa organizadora del Sal\u00f3n, han guiado y orientado al emprendedor en su ruta hacia el triunfo, pasando por los distintos puntos de asesoramiento y contenidos que mejor se adapten a su perfil.<br \/> \u00a0<br \/> Tras el \u00e9xito de la pasada edici\u00f3n, hasta 1.000 personas pasaron por el <strong>espacio \u00fanico para networking<\/strong> y un 60% de ellos obtuvieron contactos que pudieron usar de una manera satisfactoria, este a\u00f1o esta \u00e1rea se ha planteado como una de las m\u00e1s eficientes.<br \/> \u00a0<br \/> \u00a0<br \/> <em>\u201cUn a\u00f1o m\u00e1s, el Sal\u00f3n Mi Empresa vuelve a poner a disposici\u00f3n de pymes, emprendedores y aut\u00f3nomos tanto el conocimiento y la experiencia de los mejores expertos, como el apoyo y el asesoramiento de instituciones y empresas de todo tipo, con el objetivo de que esos valientes que se arriesgan para sacar adelante sus proyectos o esos otros que ya han logrado montar su empresa, cuenten con las herramientas necesarias para poner rumbo al triunfo\u201d, <\/em>ha se\u00f1alado S\u00e9bastien Chartier, Consejero Delegado de Creaventure y Co-Fundador del Sal\u00f3n MiEmpresa.<br \/> \u00a0<\/p>\n","protected":false},"excerpt":{"rendered":"<p>El Barclaycard Center (antiguo Palacio de Deportes de la Comunidad de&#8230;<\/p>\n","protected":false},"featured_media":6901,"template":"","meta":{"_acf_changed":false},"categories":[],"noticias":[],"class_list":["post-6900","noticias","type-noticias","status-publish","has-post-thumbnail","hentry"],"acf":[],"_links":{"self":[{"href":"https:\/\/test.madridemprende.anovagroup.es\/fr\/wp-json\/wp\/v2\/noticias\/6900"}],"collection":[{"href":"https:\/\/test.madridemprende.anovagroup.es\/fr\/wp-json\/wp\/v2\/noticias"}],"about":[{"href":"https:\/\/test.madridemprende.anovagroup.es\/fr\/wp-json\/wp\/v2\/types\/noticias"}],"version-history":[{"count":0,"href":"https:\/\/test.madridemprende.anovagroup.es\/fr\/wp-json\/wp\/v2\/noticias\/6900\/revisions"}],"wp:featuredmedia":[{"embeddable":true,"href":"https:\/\/test.madridemprende.anovagroup.es\/fr\/wp-json\/wp\/v2\/media\/6901"}],"wp:attachment":[{"href":"https:\/\/test.madridemprende.anovagroup.es\/fr\/wp-json\/wp\/v2\/media?parent=6900"}],"wp:term":[{"taxonomy":"category","embeddable":true,"href":"https:\/\/test.madridemprende.anovagroup.es\/fr\/wp-json\/wp\/v2\/categories?post=6900"},{"taxonomy":"noticias","embeddable":true,"href":"https:\/\/test.madridemprende.anovagroup.es\/fr\/wp-json\/wp\/v2\/noticias?post=6900"}],"curies":[{"name":"wp","href":"https:\/\/api.w.org\/{rel}","templated":true}]}}