{"id":6902,"date":"2015-02-19T00:00:00","date_gmt":"2015-02-19T00:00:00","guid":{"rendered":"https:\/\/pre.madridemprende.anovagroup.es\/noticias\/coffee-break-con-javier-villaseca-fundador-de-sociosinversores\/"},"modified":"2022-06-08T11:35:24","modified_gmt":"2022-06-08T09:35:24","slug":"coffee-break-con-javier-villaseca-fundador-de-sociosinversores","status":"publish","type":"noticias","link":"https:\/\/test.madridemprende.anovagroup.es\/fr\/noticias\/coffee-break-con-javier-villaseca-fundador-de-sociosinversores\/","title":{"rendered":"Coffee Break con Javier Villaseca fundador de SociosInversores"},"content":{"rendered":"<p><span style=\\\"line-height: normal; color: #31363e; font-family: Arial; font-size: small;\\\"><span style=\\\"font-size: 10.5pt; background-image: initial; background-attachment: initial; background-size: initial; background-origin: initial; background-clip: initial; background-position: initial; background-repeat: initial;\\\">El Coffee Break consiste en algo tan sencillo pero enriquecedor como compartir un caf\u00e9 con una persona relevante, pero sin ser necesariamente un emprendedor. Liderazgo, gesti\u00f3n de equipos, orientaci\u00f3n al logro, af\u00e1n de mejora continua, motivaci\u00f3n, entre varios otros, son factores claves a la hora de emprender con \u00e9xito, pero que no son ni mucho menos propios en exclusiva de los emprendedores sino tambi\u00e9n de personalidades procedentes de otros campos como la educaci\u00f3n, las artes, la ciencia o el deporte. El invitado, de forma amigable y en grupo reducido, nos contar\u00e1 su experiencia y atender\u00e1 gustoso a todas nuestras dudas o inquietudes.<\/span><\/span><\/p>\n<p> <span style=\\\"line-height: normal; color: #31363e; font-family: Arial; font-size: small;\\\"><span style=\\\"font-size: 10.5pt;\\\"><span style=\\\"background-image: initial; background-attachment: initial; background-size: initial; background-origin: initial; background-clip: initial; background-position: initial; background-repeat: initial;\\\">Aconsejamos a los emprendedores que porten sus tarjetas para repartirlas a otros asistentes y por supuesto, para el invitado, con muchas relaciones con otros emprendedores e inversores, e incluso en ocasiones inversor tambi\u00e9n. Se servir\u00e1 un coffee.<\/span><br \/> <span style=\\\"background-image: initial; background-attachment: initial; background-size: initial; background-origin: initial; background-clip: initial; background-position: initial; background-repeat: initial;\\\">\u00a0<\/span><br \/> <span style=\\\"background-image: initial; background-attachment: initial; background-size: initial; background-origin: initial; background-clip: initial; background-position: initial; background-repeat: initial;\\\">En esta ocasi\u00f3n el invitado es Javier Villaseca, un referente en el panorama nacional de las StartUps. Javier es fundador de\u00a0<a href=\\\"http:\/\/www.sociosinversores.com\/\\\" target=\\\"_blank\\\">SociosInversores<\/a><\/span><\/span><\/span><span style=\\\"line-height: normal; color: #31363e; font-family: Arial; font-size: small;\\\"><span style=\\\"font-size: 10.5pt; background-image: initial; background-attachment: initial; background-size: initial; background-origin: initial; background-clip: initial; background-position: initial; background-repeat: initial;\\\">, empresa l\u00edder en Espa\u00f1a en financiaci\u00f3n colectiva para proyectos empresariales. SociosInversores es una red global de uni\u00f3n entre emprendedores que necesitan capital e inversores que buscan participar en proyectos empresariales. En Espa\u00f1a han logrado m\u00e1s de 4.000 inversores y han recabado m\u00e1s de 7 millones de euros para m\u00e1s de 70 proyectos empresariales. En plena expansi\u00f3n internacional operan en 19 pa\u00edses iberoamericanos y ofrecen su marca en los 5 continentes.<\/span><\/span><br \/> <span style=\\\"line-height: normal; color: #31363e; font-family: Arial; font-size: small;\\\"><span style=\\\"font-size: 10.5pt;\\\"><span style=\\\"background-image: initial; background-attachment: initial; background-size: initial; background-origin: initial; background-clip: initial; background-position: initial; background-repeat: initial;\\\">\u00a0<\/span><br \/> <span style=\\\"background-image: initial; background-attachment: initial; background-size: initial; background-origin: initial; background-clip: initial; background-position: initial; background-repeat: initial;\\\">Se celebrar\u00e1 el pr\u00f3ximo martes 24 de febrero a las 10:00 horas en el <a href=\\\"\/es\/emprendedores\/espacios-para-emprendedores\/viveros-de-empresas\/Viveros\/ficha\/1d2b603c5ca5d984996cb36e7138fd9d\/\\\">Vivero de Empresas de\u00a0Vic\u00e1lvaro<\/a>, en C\/\u00a0Villablanca n\u00ba\u00a085.\u00a0Metro:\u00a0San Cipriano \/ Puerta de Arganda\u00a0(l\u00ednea 9). Bus:\u00a0100 \u2013 106<\/span><br \/> <span style=\\\"background-image: initial; background-attachment: initial; background-size: initial; background-origin: initial; background-clip: initial; background-position: initial; background-repeat: initial;\\\">\u00a0<\/span><br \/> <span style=\\\"background-image: initial; background-attachment: initial; background-size: initial; background-origin: initial; background-clip: initial; background-position: initial; background-repeat: initial;\\\">Inscr\u00edbete en <a href=\\\"\/es\/agenda\\\">este enlace<\/a>.<\/span><\/span><\/span><br \/> <span style=\\\"line-height: normal; color: #31363e; font-family: Arial; font-size: small;\\\"><span style=\\\"font-size: 10.5pt;\\\"><span style=\\\"background-image: initial; background-attachment: initial; background-size: initial; background-origin: initial; background-clip: initial; background-position: initial; background-repeat: initial;\\\">\u00a0<\/span><br \/> <span style=\\\"background-image: initial; background-attachment: initial; background-size: initial; background-origin: initial; background-clip: initial; background-position: initial; background-repeat: initial;\\\">Esta es una iniciativa orientada especialmente para los emprendedores de la red de viveros y es gratuita. Si no puedes asistir participa a trav\u00e9s de Twitter y Facebook con el hashtag\u00a0<\/span><\/span><\/span><strong style=\\\"color: #000000; font-family: \\'Times New Roman\\'; font-size: 16px; line-height: normal;\\\"><strong><span style=\\\"color: #31363e; font-family: Times New Roman; font-size: small;\\\"><span style=\\\"font-size: 10.5pt; background-image: initial; background-attachment: initial; background-size: initial; background-origin: initial; background-clip: initial; background-position: initial; background-repeat: initial;\\\">#cbme<\/span><\/span><\/strong><\/strong><\/p>\n","protected":false},"excerpt":{"rendered":"<p>El Coffee Break consiste en algo tan sencillo pero enriquecedor como&#8230;<\/p>\n","protected":false},"featured_media":6903,"template":"","meta":{"_acf_changed":false},"categories":[],"noticias":[],"class_list":["post-6902","noticias","type-noticias","status-publish","has-post-thumbnail","hentry"],"acf":[],"_links":{"self":[{"href":"https:\/\/test.madridemprende.anovagroup.es\/fr\/wp-json\/wp\/v2\/noticias\/6902"}],"collection":[{"href":"https:\/\/test.madridemprende.anovagroup.es\/fr\/wp-json\/wp\/v2\/noticias"}],"about":[{"href":"https:\/\/test.madridemprende.anovagroup.es\/fr\/wp-json\/wp\/v2\/types\/noticias"}],"version-history":[{"count":0,"href":"https:\/\/test.madridemprende.anovagroup.es\/fr\/wp-json\/wp\/v2\/noticias\/6902\/revisions"}],"wp:featuredmedia":[{"embeddable":true,"href":"https:\/\/test.madridemprende.anovagroup.es\/fr\/wp-json\/wp\/v2\/media\/6903"}],"wp:attachment":[{"href":"https:\/\/test.madridemprende.anovagroup.es\/fr\/wp-json\/wp\/v2\/media?parent=6902"}],"wp:term":[{"taxonomy":"category","embeddable":true,"href":"https:\/\/test.madridemprende.anovagroup.es\/fr\/wp-json\/wp\/v2\/categories?post=6902"},{"taxonomy":"noticias","embeddable":true,"href":"https:\/\/test.madridemprende.anovagroup.es\/fr\/wp-json\/wp\/v2\/noticias?post=6902"}],"curies":[{"name":"wp","href":"https:\/\/api.w.org\/{rel}","templated":true}]}}