{"id":6908,"date":"2015-02-26T00:00:00","date_gmt":"2015-02-26T00:00:00","guid":{"rendered":"https:\/\/pre.madridemprende.anovagroup.es\/noticias\/la-alcadesa-inaugura-primer-foro-iberoamericano-de-alcaldes\/"},"modified":"2022-06-08T11:35:23","modified_gmt":"2022-06-08T09:35:23","slug":"la-alcadesa-inaugura-primer-foro-iberoamericano-de-alcaldes","status":"publish","type":"noticias","link":"https:\/\/test.madridemprende.anovagroup.es\/fr\/noticias\/la-alcadesa-inaugura-primer-foro-iberoamericano-de-alcaldes\/","title":{"rendered":"La alcadesa inaugura primer foro iberoamericano de alcaldes"},"content":{"rendered":"<ul>\n<li>Ana Botella apuesta por involucrar de forma activa a los ciudadanos desde los ayuntamientos para avanzar hacia el futuro<\/li>\n<li>La cumbre forma parte de una propuesta del Banco Interamericano de Desarrollo, a trav\u00e9s de la Iniciativa de Ciudades Emergentes y Sostenibles (ICES)<\/li>\n<li>El Ayuntamiento pone a disposici\u00f3n de este foro su amplia experiencia que ha dado como fruto algunas de las soluciones urbanas m\u00e1s innovadoras de Europa<\/li>\n<\/ul>\n<p>\u00a0<br \/> Las grandes metr\u00f3polis concentran el talento y la innovaci\u00f3n. Y las administraciones municipales, conscientes de que \\\u00bbnadie mejor que el ciudadano sabe lo que necesita\\\u00bb, proveen herramientas para ello. La alcaldesa de Madrid, Ana Botella, ha inaugurado hoy el primer Foro Iberoamericano de Alcaldes, \u00a0se\u00f1alando que \\\u00bbel bienestar y la prosperidad de nuestros habitantes constituyen la piedra angular de una fruct\u00edfera colaboraci\u00f3n entre ciudades a ambos lados del Atl\u00e1ntico\\\u00bb. Es una iniciativa promovida por el <a href=\\\"http:\/\/www.iadb.org\/es\/banco-interamericano-de-desarrollo,2837.html\\\" target=\\\"_blank\\\">Banco Interamericano de Desarrollo<\/a> (BID) que tiene su oficina en el mismo edificio en el que se encuentra el <a href=\\\"\/es\/emprendedores\/espacios-para-emprendedores\/viveros-de-empresas\/Viveros\/ficha\/8a8823acabb3f7b8d9609b0a41497e3f\/\\\">Madrid International LAB<\/a>, un vivero para startups internacionales impulsado desde Madrid Emprende.<br \/> \u00a0<br \/> En el estreno de la cumbre Ana Botella ha recordado \u00a0a su hom\u00f3logo de Caracas, Antonio Ledezma, \\\u00bbdetenido por el r\u00e9gimen bolivariano de Venezuela, con la esperanza de que se reincorpore de inmediato a sus tareas institucionales\\\u00bb. Un recuerdo que ha extendido a los habitantes de la capital venezolana, ya que \\\u00bbseguridad y democracia son los pilares del progreso\\\u00bb.<br \/> \u00a0<br \/> <strong>V\u00ednculo atl\u00e1ntico<\/strong><br \/> Espa\u00f1a \u00ad-interlocutor natural entre la Uni\u00f3n Europea y Am\u00e9rica Latina- y Madrid son conscientes de lo importante que es este \\\u00bbv\u00ednculo atl\u00e1ntico\\\u00bb. Tambi\u00e9n lo es para Europa, confirm\u00f3 Ana Botella, \\\u00bbcuidar esa buena relaci\u00f3n que tiene como v\u00e9rtice necesario a Norteam\u00e9rica, formando as\u00ed una tr\u00edada que en momentos dif\u00edciles, como la pasada crisis econ\u00f3mica, nos ha permitido a todos salir adelante\\\u00bb.<br \/> El siglo XXI ha sido declarado como el siglo de las ciudades, y la alcaldesa ha recordado que este encuentro debe servir para compartir y aprovechar todo el conocimiento y la creaci\u00f3n que aglutinan las urbes espa\u00f1olas y latinoamericanas. La forma de canalizarlo pasa por sumar experiencias y prestarse apoyo \\\u00bbpara poder desarrollar pol\u00edticas que tengan como objetivo principal mejorar la vida de las personas\\\u00bb.<br \/> \u00a0<br \/> <strong>Ciudades emergentes y sostenibles<\/strong><br \/> La cumbre forma parte de una propuesta del Banco Interamericano de Desarrollo, a trav\u00e9s de la Iniciativa de Ciudades Emergentes y Sostenibles (ICES). Un proyecto que respalda el desarrollo ordenado y sostenible de las ciudades emergentes latinoamericanas que, en palabras de Ana Botella, est\u00e1n viviendo un crecimiento demogr\u00e1fico muy r\u00e1pido.<br \/> A este progreso urbano pueden contribuir con su experiencia los responsables pol\u00edticos de las ciudades espa\u00f1olas participantes, que en su d\u00eda ya pusieron en marcha medidas de gesti\u00f3n ambiental, seguridad y\u00a0 transporte p\u00fablico para asegurar la calidad de vida de sus vecinos.<br \/> Madrid guarda una relaci\u00f3n muy especial con el BID, que con la Declaraci\u00f3n de 1974 abr\u00eda desde la capital la incorporaci\u00f3n formal a los pa\u00edses industrializados europeos. Treinta y ocho a\u00f1os despu\u00e9s, rememor\u00f3 la alcaldesa, esos lazos culminaron en 2012 con la apertura de la oficina del BID para Europa e Israel en Madrid International LAB.<\/p>\n","protected":false},"excerpt":{"rendered":"<p>Ana Botella apuesta por involucrar de forma activa a los ciudadanos desde&#8230;<\/p>\n","protected":false},"featured_media":6909,"template":"","meta":{"_acf_changed":false},"categories":[],"noticias":[],"class_list":["post-6908","noticias","type-noticias","status-publish","has-post-thumbnail","hentry"],"acf":[],"_links":{"self":[{"href":"https:\/\/test.madridemprende.anovagroup.es\/fr\/wp-json\/wp\/v2\/noticias\/6908"}],"collection":[{"href":"https:\/\/test.madridemprende.anovagroup.es\/fr\/wp-json\/wp\/v2\/noticias"}],"about":[{"href":"https:\/\/test.madridemprende.anovagroup.es\/fr\/wp-json\/wp\/v2\/types\/noticias"}],"version-history":[{"count":0,"href":"https:\/\/test.madridemprende.anovagroup.es\/fr\/wp-json\/wp\/v2\/noticias\/6908\/revisions"}],"wp:featuredmedia":[{"embeddable":true,"href":"https:\/\/test.madridemprende.anovagroup.es\/fr\/wp-json\/wp\/v2\/media\/6909"}],"wp:attachment":[{"href":"https:\/\/test.madridemprende.anovagroup.es\/fr\/wp-json\/wp\/v2\/media?parent=6908"}],"wp:term":[{"taxonomy":"category","embeddable":true,"href":"https:\/\/test.madridemprende.anovagroup.es\/fr\/wp-json\/wp\/v2\/categories?post=6908"},{"taxonomy":"noticias","embeddable":true,"href":"https:\/\/test.madridemprende.anovagroup.es\/fr\/wp-json\/wp\/v2\/noticias?post=6908"}],"curies":[{"name":"wp","href":"https:\/\/api.w.org\/{rel}","templated":true}]}}