{"id":6912,"date":"2015-03-06T00:00:00","date_gmt":"2015-03-06T00:00:00","guid":{"rendered":"https:\/\/pre.madridemprende.anovagroup.es\/noticias\/madrid-emprende-participa-en-el-global-urban-datafest\/"},"modified":"2022-06-08T11:35:22","modified_gmt":"2022-06-08T09:35:22","slug":"madrid-emprende-participa-en-el-global-urban-datafest","status":"publish","type":"noticias","link":"https:\/\/test.madridemprende.anovagroup.es\/fr\/noticias\/madrid-emprende-participa-en-el-global-urban-datafest\/","title":{"rendered":"Madrid Emprende participa en el Global Urban Datafest"},"content":{"rendered":"<p>Los d\u00edas 6 y 7 de marzo se ha celebrado en Media Lab Prado en Madrid el\u00a0<a href=\"http:\/\/www.global.datafest.net\/cities\/madrid-espana\" target=\"_blank\" rel=\"noopener\">Global\u00a0Urban Datafest<\/a>, un hackthon sobre\u00a0Smart Cities que ya se ha celebrado en 27 ciudades del mundo.\u00a0<\/p>\n<p> Con la organizaci\u00f3n de IBM y la Universidad Complutense de Madrid, ha contado\u00a0con la participaci\u00f3n del Ayuntamiento de Madrid, a trav\u00e9s de Madrid Emprende,\u00a0tanto en el jurado como en la apertura, con la intervenci\u00f3n de D. Pedro Gonz\u00e1lez\u00a0Torroba, Director General de Madrid Emprende, que agradeci\u00f3 muy especialmente la\u00a0<br \/> participaci\u00f3n y cooperaci\u00f3n por parte de la UCM, representada por D\u00f1a. Alicia Arias\u00a0Coello.<\/p>\n<p> D. Pedro Gonz\u00e1lez destac\u00f3 el hecho de que nos encontramos inmersos en una nueva\u00a0revoluci\u00f3n tecnol\u00f3gica, que a diferencia de las anteriores, \u00e9sta tiene un car\u00e1cter\u00a0democr\u00e1tico en la medida en que participar de ella est\u00e1 al alcance de todos, y no solo\u00a0de unos cuantos ilustrados como en el pasado.<\/p>\n<p> El viernes 6 se imparti\u00f3 un curso r\u00e1pido de Bluemix, el lenguaje que IBM a trav\u00e9s\u00a0de su plataforma Watson, puso a disposici\u00f3n de los desarrolladores. Tambi\u00e9n se\u00a0expusieron los retos que el jurado propon\u00eda a los participantes entre los que se\u00a0inclu\u00edan: <\/p>\n<ul>\n<li>Mejora de trayectos con bici urbana<\/li>\n<li>Sem\u00e1foros inteligentes<\/li>\n<li>Explotaci\u00f3n de datos geogr\u00e1ficos recogidos a trav\u00e9s de Twitter.<\/li>\n<li>Transporte m\u00e1s ecol\u00f3gico, avanzado y sostenible.<\/li>\n<li>Seguridad del ciudadano.<\/li>\n<li>Informaci\u00f3n geogr\u00e1fica sobre la densidad de poblaci\u00f3n a distintas horas del d\u00eda\u00a0y la movilidad urbana en Madrid.<\/li>\n<li>Informaci\u00f3n sobre dotaciones municipales a los ciudadanos para elegir su lugar\u00a0de residencia.<\/li>\n<\/ul>\n<p> El s\u00e1bado \u00a07 de marzo durante todo el d\u00eda los equipos estuvieron trabajando en el reto\u00a0escogido. En total se formaron once equipos, de los que finalmente diez presentaron\u00a0su propuesta. Luego, cada equipo dispuso de cinco minutos para exponer su idea al\u00a0jurado y a los asistentes, por el siguiente orden:\u00a0  <\/p>\n<ul>\n<li>Madrid Efficient City<\/li>\n<li>Smart Lights<\/li>\n<li>Breathe Better<\/li>\n<li>Entertaiment in Madrid<\/li>\n<li>Smart Citizen<\/li>\n<li>Smart Festival<\/li>\n<li>Street life<\/li>\n<li>Just Trash<\/li>\n<li>DensiTweets<\/li>\n<li>Think Think Traffic<\/li>\n<\/ul>\n<p> Finalmente, los dos primeros premios fueron para los proyectos Just Trash y Breathe\u00a0Better, que ser\u00e1n la representaci\u00f3n espa\u00f1ola en el evento global que reunir\u00e1 a los dos\u00a0ganadores de cada una de las 27 sedes en las que se ha celebrado el hackathon.<\/p>\n","protected":false},"excerpt":{"rendered":"<p>Los d\u00edas 6 y 7 de marzo se ha celebrado en Media Lab Prado en Madrid&#8230;<\/p>\n","protected":false},"featured_media":6913,"template":"","meta":{"_acf_changed":false},"categories":[],"noticias":[],"class_list":["post-6912","noticias","type-noticias","status-publish","has-post-thumbnail","hentry"],"acf":[],"_links":{"self":[{"href":"https:\/\/test.madridemprende.anovagroup.es\/fr\/wp-json\/wp\/v2\/noticias\/6912"}],"collection":[{"href":"https:\/\/test.madridemprende.anovagroup.es\/fr\/wp-json\/wp\/v2\/noticias"}],"about":[{"href":"https:\/\/test.madridemprende.anovagroup.es\/fr\/wp-json\/wp\/v2\/types\/noticias"}],"version-history":[{"count":0,"href":"https:\/\/test.madridemprende.anovagroup.es\/fr\/wp-json\/wp\/v2\/noticias\/6912\/revisions"}],"wp:featuredmedia":[{"embeddable":true,"href":"https:\/\/test.madridemprende.anovagroup.es\/fr\/wp-json\/wp\/v2\/media\/6913"}],"wp:attachment":[{"href":"https:\/\/test.madridemprende.anovagroup.es\/fr\/wp-json\/wp\/v2\/media?parent=6912"}],"wp:term":[{"taxonomy":"category","embeddable":true,"href":"https:\/\/test.madridemprende.anovagroup.es\/fr\/wp-json\/wp\/v2\/categories?post=6912"},{"taxonomy":"noticias","embeddable":true,"href":"https:\/\/test.madridemprende.anovagroup.es\/fr\/wp-json\/wp\/v2\/noticias?post=6912"}],"curies":[{"name":"wp","href":"https:\/\/api.w.org\/{rel}","templated":true}]}}