{"id":6914,"date":"2015-03-16T00:00:00","date_gmt":"2015-03-16T00:00:00","guid":{"rendered":"https:\/\/pre.madridemprende.anovagroup.es\/noticias\/la-alcaldesa-presenta-madrid-campus-de-la-innovacion\/"},"modified":"2022-06-08T11:35:02","modified_gmt":"2022-06-08T09:35:02","slug":"la-alcaldesa-presenta-madrid-campus-de-la-innovacion","status":"publish","type":"noticias","link":"https:\/\/test.madridemprende.anovagroup.es\/fr\/noticias\/la-alcaldesa-presenta-madrid-campus-de-la-innovacion\/","title":{"rendered":"La alcaldesa presenta Madrid Campus de la Innovaci\u00f3n"},"content":{"rendered":"<ul style=\"line-height: 20.7999992370605px;\">\n<li>Un proyecto abierto a los ciudadanos, a los estudiantes, a las universidades, a las peque\u00f1as y grandes empresas y a los emprendedores<\/li>\n<li>Madrid es la regi\u00f3n que m\u00e1s invierte y m\u00e1s personal dedica a la I+D de Espa\u00f1a. El esfuerzo inversor en 2013 fue de 3.434 millones de euros, lo que equivale al 26,4% del total nacional<\/li>\n<li>Campus de la Innovaci\u00f3n est\u00e1 ubicado en el distrito de Villaverde, y se encuentra dotado de las condiciones adecuadas para su constituci\u00f3n como lugar de encuentro de proyectos de emprendimiento<\/li>\n<\/ul>\n<p> <span style=\"line-height: 20.7999992370605px;\">Un lugar que nace con el objetivo de contribuir \u00aba que en nuestra ciudad crezca la innovaci\u00f3n, fundamental para el crecimiento econ\u00f3mico en el mundo actual\u00bb. De esta forma ha presentado la alcaldesa, Ana Botella, Madrid Campus de la Innovaci\u00f3n, un proyecto que se ha hecho posible merced a la colaboraci\u00f3n del sector p\u00fablico y el privado y con el que la ciudad profundiza en el concepto de la innovaci\u00f3n abierta, un referente de la transformaci\u00f3n digital y una plataforma para los emprendedores.<\/span><br style=\"line-height: 20.7999992370605px;\" \/> <span style=\"line-height: 20.7999992370605px;\">\u00a0<\/span><br style=\"line-height: 20.7999992370605px;\" \/> <span style=\"line-height: 20.7999992370605px;\">En la presentaci\u00f3n se procedi\u00f3 a la firma del convenio de colaboraci\u00f3n entre el Ayuntamiento de Madrid, el Ministerio de Industria, Energ\u00eda y Turismo, la Universidad Polit\u00e9cnica y 6 de las empresas m\u00e1s importantes internacionalmente, con el objetivo de impulsar este nuevo centro de formaci\u00f3n, exposiciones y laboratorio de proyectos innovadores. Para Ana Botella, \u201clas administraciones deben ofrecer el marco necesario para que el sector privado arriesgue e innove, un marco que cree confianza en el futuro\u201d.<\/span><br style=\"line-height: 20.7999992370605px;\" \/> <br \/> <span style=\"line-height: 20.7999992370605px;\">Procedieron a la firma del acuerdo Ana Botella, Alcaldesa de\u00a0<\/span><a href=\"http:\/\/www.madrid.es\/\" style=\"line-height: 20.7999992370605px;\">Madrid<\/a><span style=\"line-height: 20.7999992370605px;\">; Victor Calvo-Sotelo, secretario de Estado de Telecomunicaciones y Sociedad de la Informaci\u00f3n; Carlos Conde, rector de la\u00a0<\/span><a href=\"http:\/\/www.upm.es\" style=\"line-height: 20.7999992370605px;\">Universidad Polit\u00e9cnica de Madrid<\/a><span style=\"line-height: 20.7999992370605px;\">; Jos\u00e9 Manuel Petisco, director general\u00a0<\/span><a href=\"http:\/\/www.cisco.com\/web\/ES\/index.html\" style=\"line-height: 20.7999992370605px;\">CISCO Espa\u00f1a<\/a><span style=\"line-height: 20.7999992370605px;\">; Santiago Olivares, consejero delegado de\u00a0<\/span><a href=\"http:\/\/www.ferrovial.com\/es\/\" style=\"line-height: 20.7999992370605px;\">Ferrovial Servicios<\/a><span style=\"line-height: 20.7999992370605px;\">; Emma Fern\u00e1ndez, directora general de talento, innovaci\u00f3n y estrategia de\u00a0<\/span><a href=\"http:\/\/www.indracompany.com\/\" style=\"line-height: 20.7999992370605px;\">Indra<\/a><span style=\"line-height: 20.7999992370605px;\">; Norberto Mateos, director general de\u00a0<\/span><a href=\"http:\/\/www.intel.es\/\" style=\"line-height: 20.7999992370605px;\">Intel Espa\u00f1a<\/a><span style=\"line-height: 20.7999992370605px;\">, Portugal, Italia, Grecia e Israel; Gonzalo D\u00ede Socias, director de Sector P\u00fablico de\u00a0<\/span><a href=\"http:\/\/www.microsoft.com\/es-es\/default.aspx\" style=\"line-height: 20.7999992370605px;\">Microsoft Ib\u00e9rica<\/a><span style=\"line-height: 20.7999992370605px;\">, y Ana Segurado, managing director de\u00a0<\/span><a href=\"https:\/\/www.openfuture.org\/\" style=\"line-height: 20.7999992370605px;\">Telef\u00f3nica Open Future<\/a><span style=\"line-height: 20.7999992370605px;\">.<\/span><br style=\"line-height: 20.7999992370605px;\" \/> <span style=\"line-height: 20.7999992370605px;\">\u00a0<\/span><span style=\"line-height: 20.7999992370605px;\">\u00a0<\/span><br style=\"line-height: 20.7999992370605px;\" \/> <span style=\"line-height: 20.7999992370605px;\">Madrid Campus de la Innovaci\u00f3n est\u00e1 ubicado en la antigua f\u00e1brica de ascensores Bo\u00ebtticher, en el distrito de Villaverde, y se encuentra dotado de las condiciones adecuadas para su constituci\u00f3n como lugar de encuentro de proyectos de emprendimiento, culturales y de formaci\u00f3n relacionados con las nuevas tecnolog\u00edas y de colaboraci\u00f3n entre ciudadanos, administraciones, empresas y universidades.<\/span><br style=\"line-height: 20.7999992370605px;\" \/> <span style=\"line-height: 20.7999992370605px;\">\u00a0<\/span><br style=\"line-height: 20.7999992370605px;\" \/> <span style=\"line-height: 20.7999992370605px;\">Madrid es el mejor exponente del fortalecimiento de la econom\u00eda espa\u00f1ola, de la Espa\u00f1a que est\u00e1 dejando atr\u00e1s la crisis, dec\u00eda la alcaldesa en el nuevo Campus. \u00abNuestra tasa de paro se ha reducido\u00a0 en tres puntos en el \u00faltimo a\u00f1o y es m\u00e1s de siete veces inferior a la de Espa\u00f1a. En 2014 se cre\u00f3 por primera vez desde 2008 empleo neto en nuestra ciudad, y la reducci\u00f3n del paro fue de un 5,5% en el pasado ejercicio\u00bb.<\/span><br style=\"line-height: 20.7999992370605px;\" \/> <span style=\"line-height: 20.7999992370605px;\">\u00a0<\/span><br style=\"line-height: 20.7999992370605px;\" \/> <span style=\"line-height: 20.7999992370605px;\">Las cifras de paro, aunque son inferiores a las del pa\u00eds, siguen siendo \u00abinasumibles\u00bb, en palabras de Ana Botella. De ah\u00ed la necesidad de seguir trabajando para crear empleo, para recuperar la capacidad productiva de las empresas, su competitividad. En ese campo la innovaci\u00f3n es un factor clave.<\/span><br style=\"line-height: 20.7999992370605px;\" \/> <span style=\"line-height: 20.7999992370605px;\">\u00a0<\/span><br style=\"line-height: 20.7999992370605px;\" \/> <strong style=\"line-height: 20.7999992370605px;\">Nuevas tecnolog\u00edas<\/strong><br style=\"line-height: 20.7999992370605px;\" \/> <span style=\"line-height: 20.7999992370605px;\">La innovaci\u00f3n tecnol\u00f3gica y la investigaci\u00f3n cient\u00edfica inciden en el progreso de la sociedad, en su desarrollo econ\u00f3mico. Las nuevas tecnolog\u00edas se implantan en todos los \u00e1mbitos: energ\u00eda, medio ambiente, movilidad y transporte, sanidad, servicios sociales y educaci\u00f3n. Est\u00e1n presentes en la vida de las personas, en el trabajo, en las relaciones sociales, mejorando la calidad de vida de los ciudadanos y permitiendo a las administraciones ser m\u00e1s eficientes en la prestaci\u00f3n de servicios.<\/span><br style=\"line-height: 20.7999992370605px;\" \/> <span style=\"line-height: 20.7999992370605px;\">\u00a0<\/span><br style=\"line-height: 20.7999992370605px;\" \/> <span style=\"line-height: 20.7999992370605px;\">\u00abMadrid es la regi\u00f3n que m\u00e1s invierte y m\u00e1s personal dedica a la I+D de Espa\u00f1a. El esfuerzo inversor en 2013 fue de 3.434 millones de euros, lo que equivale al 26,4% del total nacional, empleando para ello a 47.609 personas, que suponen a su vez el 23,4% del total de Espa\u00f1a\u00bb, ha expuesto la alcaldesa, haciendo \u00e9nfasis en la necesaria colaboraci\u00f3n entre las universidades, las empresas y las administraciones.<\/span><br style=\"line-height: 20.7999992370605px;\" \/> <span style=\"line-height: 20.7999992370605px;\">\u00a0<\/span><br style=\"line-height: 20.7999992370605px;\" \/> <span style=\"line-height: 20.7999992370605px;\">La inversi\u00f3n en I+D en la ciudad de Madrid representa el 2,45% de su PIB, con lo que el esfuerzo de nuestra ciudad se sit\u00faa por encima de la media de la Uni\u00f3n Europea, que equivale al 2,07% de su PIB. En nuestra ciudad se concentran las empresas responsables de un 56,7% de esa inversi\u00f3n; las administraciones, que contribuyen con el 25,1%; y las universidades, que aportan el 18,1%.<\/span><br style=\"line-height: 20.7999992370605px;\" \/> <span style=\"line-height: 20.7999992370605px;\">\u00a0<\/span><br style=\"line-height: 20.7999992370605px;\" \/> <span style=\"line-height: 20.7999992370605px;\">Madrid Campus de la Innovaci\u00f3n es un proyecto abierto a todos: <\/span>  <\/p>\n<ul>\n<li><span style=\"line-height: 20.7999992370605px;\">A los ciudadanos, que deben colaborar con sus aportaciones y sugerencias.<\/span><\/li>\n<li><span style=\"line-height: 20.7999992370605px;\">A los estudiantes y a las universidades, que deben aportar sus capacidades, sus ideas y su esp\u00edritu transformador.<\/span><\/li>\n<li><span style=\"line-height: 20.7999992370605px;\">A las PYMES, que tendr\u00e1n en el Campus una plataforma ideal en la que exponer sus soluciones.<\/span><\/li>\n<li><span style=\"line-height: 20.7999992370605px;\">A las grandes empresas, que aportar\u00e1n medios t\u00e9cnicos y econ\u00f3micos suficientes para el avance de iniciativas y proyectos, ofreciendo su\u00a0tutelaje.<\/span><\/li>\n<\/ul>\n<p> <span style=\"line-height: 20.7999992370605px;\">\u00a0<\/span><br style=\"line-height: 20.7999992370605px;\" \/> <span style=\"line-height: 20.7999992370605px;\">Madrid Campus de la Innovaci\u00f3n es un equipamiento p\u00fablico id\u00f3neo para un centro dedicado al apoyo al emprendimiento y la innovaci\u00f3n, que permitir\u00e1 vincular el Distrito de Villaverde con la econom\u00eda del conocimiento y ofrecer\u00e1 nuevas oportunidades de progreso para la ciudad de Madrid. Un nuevo centro destinado al fomento del sector tecnol\u00f3gico que constituir\u00e1, adem\u00e1s, un foco de desarrollo del Distrito. La actividad principal del Madrid Campus de la Innovaci\u00f3n se centrar\u00e1 en conseguir el objetivo de apoyar el emprendimiento y la innovaci\u00f3n en estas materias, as\u00ed como la formaci\u00f3n y la divulgaci\u00f3n cient\u00edfica y t\u00e9cnica.<\/span><br style=\"line-height: 20.7999992370605px;\" \/> <span style=\"line-height: 20.7999992370605px;\">\u00a0<\/span><br style=\"line-height: 20.7999992370605px;\" \/> <strong style=\"line-height: 20.7999992370605px;\">Emprendedores<\/strong><br \/> <span style=\"line-height: 20.7999992370605px;\">Madrid Campus de la Innovaci\u00f3n es tambi\u00e9n un espacio abierto a los emprendedores que son impulsores de los procesos de innovaci\u00f3n y de la generaci\u00f3n de ideas. \u00abEllos son el veh\u00edculo para la transformaci\u00f3n de ideas en modelos de negocio que, apoyados por el sector empresarial y el resto de los agentes, encontrar\u00e1n en el Campus tutelaje y posibilidades de financiaci\u00f3n para realizar sus iniciativas\u00bb, mantiene Ana Botella, explicando, tambi\u00e9n, que los emprendedores contar\u00e1n con un edificio anexo, a pie de calle, al que los madrile\u00f1os podr\u00e1n acceder para conocer los proyectos en los que est\u00e1n trabajando.<\/span><br style=\"line-height: 20.7999992370605px;\" \/> <span style=\"line-height: 20.7999992370605px;\">\u00a0<\/span><br style=\"line-height: 20.7999992370605px;\" \/> <span style=\"line-height: 20.7999992370605px;\">La alcaldesa ha recordado el esfuerzo del Ayuntamiento en el impulso de medidas para est\u00edmulo econ\u00f3mico. La prueba es la Red de Viveros municipales gestionados desde Madrid Emprende, en los que los emprendedores desarrollan sus proyectos con asistencia y asesoramiento municipal.<\/span><br style=\"line-height: 20.7999992370605px;\" \/> <span style=\"line-height: 20.7999992370605px;\">\u00a0<\/span><br style=\"line-height: 20.7999992370605px;\" \/> <span style=\"line-height: 20.7999992370605px;\">\u00abEl futuro est\u00e1 por construir. Contribuir al desarrollo de la ciudad es un reto apasionante para todos &#8211; concluy\u00f3 la alcaldesa -, por lo que desde aqu\u00ed les felicito por querer aprovechar la oportunidad de participar en este proceso. Estoy segura de que el ecosistema del Madrid Campus de la Innovaci\u00f3n ser\u00e1 un entorno fundamental en el que se definan y articulen las estrategias de la sociedad futura, de forma que la econom\u00eda del conocimiento se sit\u00fae entre las actividades productivas m\u00e1s importantes en t\u00e9rminos de empleo y de inversi\u00f3n\u00bb.<\/span><br \/> \u00a0 <\/p>\n<div>\u00a0<\/div>\n<div align=\"center\"><iframe allowfullscreen=\"\" frameborder=\"0\" height=\"315\" src=\"https:\/\/www.youtube.com\/embed\/GqW4t1h_3SA?rel=0\" width=\"560\"><\/iframe><\/p>\n<p> \u00a0<\/p><\/div>\n","protected":false},"excerpt":{"rendered":"<p> \tUn proyecto abierto a los ciudadanos, a los estudiantes, a las&#8230;<\/p>\n","protected":false},"featured_media":6915,"template":"","meta":{"_acf_changed":false},"categories":[],"noticias":[],"class_list":["post-6914","noticias","type-noticias","status-publish","has-post-thumbnail","hentry"],"acf":[],"_links":{"self":[{"href":"https:\/\/test.madridemprende.anovagroup.es\/fr\/wp-json\/wp\/v2\/noticias\/6914"}],"collection":[{"href":"https:\/\/test.madridemprende.anovagroup.es\/fr\/wp-json\/wp\/v2\/noticias"}],"about":[{"href":"https:\/\/test.madridemprende.anovagroup.es\/fr\/wp-json\/wp\/v2\/types\/noticias"}],"version-history":[{"count":0,"href":"https:\/\/test.madridemprende.anovagroup.es\/fr\/wp-json\/wp\/v2\/noticias\/6914\/revisions"}],"wp:featuredmedia":[{"embeddable":true,"href":"https:\/\/test.madridemprende.anovagroup.es\/fr\/wp-json\/wp\/v2\/media\/6915"}],"wp:attachment":[{"href":"https:\/\/test.madridemprende.anovagroup.es\/fr\/wp-json\/wp\/v2\/media?parent=6914"}],"wp:term":[{"taxonomy":"category","embeddable":true,"href":"https:\/\/test.madridemprende.anovagroup.es\/fr\/wp-json\/wp\/v2\/categories?post=6914"},{"taxonomy":"noticias","embeddable":true,"href":"https:\/\/test.madridemprende.anovagroup.es\/fr\/wp-json\/wp\/v2\/noticias?post=6914"}],"curies":[{"name":"wp","href":"https:\/\/api.w.org\/{rel}","templated":true}]}}