{"id":6916,"date":"2015-03-04T00:00:00","date_gmt":"2015-03-04T00:00:00","guid":{"rendered":"https:\/\/pre.madridemprende.anovagroup.es\/noticias\/la-alcaldesa-visita-el-mercado-de-san-pascual-tras-su-modernizacion\/"},"modified":"2022-06-08T11:35:23","modified_gmt":"2022-06-08T09:35:23","slug":"la-alcaldesa-visita-el-mercado-de-san-pascual-tras-su-modernizacion","status":"publish","type":"noticias","link":"https:\/\/test.madridemprende.anovagroup.es\/fr\/noticias\/la-alcaldesa-visita-el-mercado-de-san-pascual-tras-su-modernizacion\/","title":{"rendered":"La alcaldesa visita el Mercado de San Pascual tras su modernizaci\u00f3n"},"content":{"rendered":"<ul>\n<li>La Asociaci\u00f3n de comerciantes ha llevado a cabo un proyecto de modernizaci\u00f3n de instalaciones y oferta comercial, que se ha beneficiado de la l\u00ednea de subvenciones del Ayuntamiento<\/li>\n<li>La inversi\u00f3n ha sido de casi 5 millones de euros, de los cuales la mitad se han destinado a las instalaciones generales del mercado y otros tantos a un nuevo supermercado<\/li>\n<\/ul>\n<p> Cincuenta a\u00f1os cumple en junio el mercado de San Pascual, un establecimiento al servicio de los vecinos de Ciudad Lineal que puede considerarse un ejemplo del comercio de proximidad que el Ayuntamiento apoya. As\u00ed lo ha dicho la alcaldesa de Madrid, Ana Botella, que hoy ha acudido a este mercado para inaugurarlo despu\u00e9s de las obras de rehabilitaci\u00f3n que se han llevado a cabo recientemente.<\/p>\n<p> La Asociaci\u00f3n de comerciantes del mercado, que ostenta la concesi\u00f3n, ha llevado a cabo un proyecto de modernizaci\u00f3n, tanto de las instalaciones como de la oferta comercial, que ha contado con el apoyo del Ayuntamiento, a trav\u00e9s de la l\u00ednea de subvenciones destinada a los mercados. \u00abHa sido esencial el esfuerzo de los casi 50 comerciantes del mercado, pero tambi\u00e9n lo ha sido el de Ahorram\u00e1s, que ya est\u00e1 presente en ocho mercados\u00bb, ha se\u00f1alado Ana Botella, haciendo hincapi\u00e9 en la importancia de la colaboraci\u00f3n p\u00fablico-privada para emprender estos proyectos.<\/p>\n<p> La inversi\u00f3n en San Pascual ha sido de casi 5 millones de euros, de los cuales la mitad se han destinado a las instalaciones generales del mercado y otros tantos al supermercado. El presupuesto municipal destinado al proyecto ha sido de 474.686, lo que supone un 30% de la inversi\u00f3n que, seg\u00fan la normativa al respecto, se considera subvencionable, cuyo importe asciende a 1.582.287 millones de euros.<\/p>\n<p> La rehabilitaci\u00f3n del mercado se ha completado con obras para hacer sus instalaciones accesibles para todos, eliminando las barreras arquitect\u00f3nicas, instalando ascensores y r\u00f3tulos en braille y pictogramas. Tambi\u00e9n se ha trabajado en adaptar la oferta comercial a los nuevos h\u00e1bitos de consumo, con una distribuci\u00f3n comercial m\u00e1s atractiva (todos los establecimientos de peque\u00f1o comercio se han reubicado en una sola planta, mientras que en la primera se ha incorporado un supermercado).<\/p>\n<p> \u00abEn San Pascual desarrollar\u00e1n su actividad cerca de 50 empresas madrile\u00f1as, que generan 130 puestos de trabajo directos, de los que una treintena ser\u00e1n de nueva creaci\u00f3n gracias a la apertura del supermercado\u00bb, ha dicho la alcaldesa, resaltando el papel fundamental de los mercados en la ciudad, \u00abporque son centros de actividad econ\u00f3mica en los que se genera empleo y riqueza, espacios de oportunidad para el emprendimiento y, tambi\u00e9n, centros de la vida social de los barrios\u00bb.<\/p>\n<p> <strong>Mercados renovados<\/strong><br \/> Durante la actual legislatura se han llevado a cabo numerosas actuaciones en este sector: se ha construido el nuevo mercado de Barcel\u00f3, se han remodelado los mercados de Pac\u00edfico, San Isidro, Villa de Vallecas, Alto de Extremadura y Arg\u00fcelles, adem\u00e1s del de San Pascual; se han modernizado \u00a0las instalaciones de los mercados de La Paz, Maravillas y Embajadores, y se han hecho obras de remodelaci\u00f3n, mejora o instalaci\u00f3n de nuevos puestos en un centenar de locales de m\u00e1s de 20 mercados.<\/p>\n<p> Tambi\u00e9n se han realizado obras de adecuaci\u00f3n estructural y de instalaciones en los mercados de San Crist\u00f3bal, Guillermo de Osma, Numancia, Orcasitas, Orcasur, Villa de Vallecas, La Cebada, Prosperidad, Vic\u00e1lvaro y Jes\u00fas del Gran Poder, con una inversi\u00f3n total s\u00f3lo durante 2014 superior a 1,1 millones de euros.<\/p>\n<p> El apoyo a la modernizaci\u00f3n de los mercados tradicionales ha mejorado el atractivo de Madrid como una ciudad que favorece el emprendimiento. \u00abA ello ha contribuido tambi\u00e9n el Programa Tax Free, con m\u00e1s de 1.600 beneficiarios, de los que 539 lo son de la l\u00ednea espec\u00edfica de mercados; y las pol\u00edticas puestas en marcha para simplificar la normativa y reducir las trabas administrativas\u00bb, ha manifestado Ana Botella, que tambi\u00e9n ha anunciado que se va a publicar \u00abuna nueva convocatoria de ayudas para la modernizaci\u00f3n y promoci\u00f3n de los mercados de Madrid, a la que se van a destinar m\u00e1s de 2 millones de euros, y que este a\u00f1o incluye, por primera vez, un prop\u00f3sito socialmente responsable, que se a\u00f1ade a los objetivos econ\u00f3micos que ya ven\u00edamos persiguiendo\u00bb.<\/p>\n<p> Servir\u00e1 este presupuesto para incentivar proyectos que, como ya se ha hecho en el mercado de San Pascual, contemplen actuaciones destinadas a la creaci\u00f3n de un entorno accesible y a reforzar las condiciones de seguridad y comodidad de todas las personas.<\/p>\n<p> \u00abCreo que solo cabe -puntualiz\u00f3 la alcaldesa- hacer una valoraci\u00f3n positiva de todos los proyectos llevados a cabo desde 2011 en nuestros mercados. Valoraci\u00f3n que comparten los madrile\u00f1os: seg\u00fan la Encuesta de Calidad de Vida y Satisfacci\u00f3n con los Servicios Municipales realizada el a\u00f1o pasado, los mercados municipales son el segundo servicio p\u00fablico m\u00e1s utilizado por los habitantes de nuestra ciudad y uno con los que se sienten m\u00e1s satisfechos\u00bb.<br \/> \u00a0<\/p>\n","protected":false},"excerpt":{"rendered":"<p> \tLa Asociaci\u00f3n de comerciantes ha llevado a cabo un proyecto de&#8230;<\/p>\n","protected":false},"featured_media":6917,"template":"","meta":{"_acf_changed":false},"categories":[],"noticias":[],"class_list":["post-6916","noticias","type-noticias","status-publish","has-post-thumbnail","hentry"],"acf":[],"_links":{"self":[{"href":"https:\/\/test.madridemprende.anovagroup.es\/fr\/wp-json\/wp\/v2\/noticias\/6916"}],"collection":[{"href":"https:\/\/test.madridemprende.anovagroup.es\/fr\/wp-json\/wp\/v2\/noticias"}],"about":[{"href":"https:\/\/test.madridemprende.anovagroup.es\/fr\/wp-json\/wp\/v2\/types\/noticias"}],"version-history":[{"count":0,"href":"https:\/\/test.madridemprende.anovagroup.es\/fr\/wp-json\/wp\/v2\/noticias\/6916\/revisions"}],"wp:featuredmedia":[{"embeddable":true,"href":"https:\/\/test.madridemprende.anovagroup.es\/fr\/wp-json\/wp\/v2\/media\/6917"}],"wp:attachment":[{"href":"https:\/\/test.madridemprende.anovagroup.es\/fr\/wp-json\/wp\/v2\/media?parent=6916"}],"wp:term":[{"taxonomy":"category","embeddable":true,"href":"https:\/\/test.madridemprende.anovagroup.es\/fr\/wp-json\/wp\/v2\/categories?post=6916"},{"taxonomy":"noticias","embeddable":true,"href":"https:\/\/test.madridemprende.anovagroup.es\/fr\/wp-json\/wp\/v2\/noticias?post=6916"}],"curies":[{"name":"wp","href":"https:\/\/api.w.org\/{rel}","templated":true}]}}