{"id":6932,"date":"2015-03-25T00:00:00","date_gmt":"2015-03-25T00:00:00","guid":{"rendered":"https:\/\/pre.madridemprende.anovagroup.es\/noticias\/madrid-emprende-en-el-i-congreso-de-ciudades-inteligentes\/"},"modified":"2022-06-08T11:35:01","modified_gmt":"2022-06-08T09:35:01","slug":"madrid-emprende-en-el-i-congreso-de-ciudades-inteligentes","status":"publish","type":"noticias","link":"https:\/\/test.madridemprende.anovagroup.es\/fr\/noticias\/madrid-emprende-en-el-i-congreso-de-ciudades-inteligentes\/","title":{"rendered":"Madrid Emprende en el I Congreso de Ciudades Inteligentes"},"content":{"rendered":"<ul>\n<li>Madrid Emprende colabora y participa de forma activa en la celebraci\u00f3n del\u00a0 primer congreso de Ciudades Inteligentes celebrado en la ciudad.<\/li>\n<li>El foro se ha desarrollado con el objetivo de potenciar el intercambio de conocimiento y experiencias sobre las smart cities en Espa\u00f1a, abierto a impulsos y experiencias de otros pa\u00edses.<\/li>\n<\/ul>\n<p> Los pasados d\u00edas 24 y 25 de marzo se ha celebrado el I Congreso Ciudades Inteligentes en el Centro Cultural Conde Duque, donde se han congregado m\u00e1s de 300 profesionales, reafirmando a la ciudad de Madrid como referente nacional en Smart Cities.<\/p>\n<p> El encuentro, organizado por el <strong>Grupo Tecma Red<\/strong> y la <strong>Red Espa\u00f1ola<\/strong><strong> de Ciudades Inteligentes<\/strong> (RECI), est\u00e1 apoyado tanto por el Ministerio de Industria como por el Ayuntamiento de Madrid, a trav\u00e9s de Madrid Emprende, y refuerza la idea de potenciar Madrid no s\u00f3lo como una Smart City, sino como un punto de encuentro de la tecnolog\u00eda y de las ideas innovadoras en estrategias de ciudad.<\/p>\n<p> <strong>Fernando Herrero<\/strong>, Subdirector General de Promoci\u00f3n Econ\u00f3mica y Ciudad Inteligente de Madrid Emprende, moder\u00f3 la mesa redonda \u201cMercado y oportunidades de las Ciudades Inteligentes en Espa\u00f1a\u201d donde se abord\u00f3 el concepto \u201csmart\u201d como fuente de innovaci\u00f3n para las ciudades y las posibilidades que presenta el mercado para su aplicaci\u00f3n. En la mesa participaron representantes de Ericsson, Grupo Etra, Lafarge y Philips.<br \/> Se abordaron temas en relaci\u00f3n a la iluminaci\u00f3n conectada para las ciudades del futuro, sostenibilidad, eficiencia energ\u00e9tica y movilidad. Tambi\u00e9n se destac\u00f3 el nuevo rol que juegan los ayuntamientos, como es el caso de Madrid, en el desarrollo de las ciudades, los cuales han asumido un papel que va mucho m\u00e1s all\u00e1 de lo que tradicionalmente han sido, convirtiendo a la ciudad en un ente din\u00e1mico y cambiante, adapt\u00e1ndose a una sociedad en continuo desarrollo y bas\u00e1ndose en los conceptos de eficiencia y optimizaci\u00f3n.<\/p>\n<p> <strong>Pedro Gonz\u00e1lez Torroba<\/strong>, Director General de Comercio y Desarrollo Econ\u00f3mico de Madrid Emprende, fue uno de los encargados, junto con <strong>In\u00e9s Leal<\/strong>, Directora del Congreso Ciudades Inteligentes, de clausurar el congreso.<br \/> \u00a0<br \/> El director de Madrid Emprende destac\u00f3 el gran momento que actualmente se est\u00e1 produciendo, ya que \u201cnuestra generaci\u00f3n tiene la suerte de vivir en una revoluci\u00f3n tecnol\u00f3gica, la primera en la que todos los ciudadanos tenemos la oportunidad de participar y colaborar en su evoluci\u00f3n. La ciudad inteligente es una manifestaci\u00f3n de \u00e9sta y tiene un campo de prueba, las ciudades\u201d.<\/p>\n","protected":false},"excerpt":{"rendered":"<p> \tMadrid Emprende colabora y participa de forma activa en la celebraci\u00f3n&#8230;<\/p>\n","protected":false},"featured_media":6933,"template":"","meta":{"_acf_changed":false},"categories":[],"noticias":[],"class_list":["post-6932","noticias","type-noticias","status-publish","has-post-thumbnail","hentry"],"acf":[],"_links":{"self":[{"href":"https:\/\/test.madridemprende.anovagroup.es\/fr\/wp-json\/wp\/v2\/noticias\/6932"}],"collection":[{"href":"https:\/\/test.madridemprende.anovagroup.es\/fr\/wp-json\/wp\/v2\/noticias"}],"about":[{"href":"https:\/\/test.madridemprende.anovagroup.es\/fr\/wp-json\/wp\/v2\/types\/noticias"}],"version-history":[{"count":0,"href":"https:\/\/test.madridemprende.anovagroup.es\/fr\/wp-json\/wp\/v2\/noticias\/6932\/revisions"}],"wp:featuredmedia":[{"embeddable":true,"href":"https:\/\/test.madridemprende.anovagroup.es\/fr\/wp-json\/wp\/v2\/media\/6933"}],"wp:attachment":[{"href":"https:\/\/test.madridemprende.anovagroup.es\/fr\/wp-json\/wp\/v2\/media?parent=6932"}],"wp:term":[{"taxonomy":"category","embeddable":true,"href":"https:\/\/test.madridemprende.anovagroup.es\/fr\/wp-json\/wp\/v2\/categories?post=6932"},{"taxonomy":"noticias","embeddable":true,"href":"https:\/\/test.madridemprende.anovagroup.es\/fr\/wp-json\/wp\/v2\/noticias?post=6932"}],"curies":[{"name":"wp","href":"https:\/\/api.w.org\/{rel}","templated":true}]}}