{"id":6938,"date":"2015-04-13T00:00:00","date_gmt":"2015-04-13T00:00:00","guid":{"rendered":"https:\/\/pre.madridemprende.anovagroup.es\/noticias\/abierto-el-plazo-para-licitacin-para-el-mercado-de-las-ventas\/"},"modified":"2022-06-08T11:35:00","modified_gmt":"2022-06-08T09:35:00","slug":"abierto-el-plazo-para-licitacin-para-el-mercado-de-las-ventas","status":"publish","type":"noticias","link":"https:\/\/test.madridemprende.anovagroup.es\/fr\/noticias\/abierto-el-plazo-para-licitacin-para-el-mercado-de-las-ventas\/","title":{"rendered":"Abierto el plazo para licitaci\u00f3n para el mercado de Las Ventas"},"content":{"rendered":"<p>Abierta la convocatoria para la adjudicaci\u00f3n por procedimiento abierto\u00a0del contrato para la gesti\u00f3n del servicio p\u00fablico del <a href=\\\"\/es\/mercados\/mercados-de-madrid\/Mercados\/ficha\/30b8767120f8392db7c2d5f37dc398aa\/\\\">Mercado Municipal de \u201cLas Ventas\u201d<\/a>, sito en la calle Virgen de la Alegr\u00eda n\u00ba 10. El plazo de ejecuci\u00f3n previsto comienza el 1 de junio de 2015 y tiene una duraci\u00f3n de 25 a\u00f1os<span style=\\\"color: #31363e; font-family: \\'PT Sans\\', sans-serif;\\\"><span style=\\\"line-height: 20px; font-size: 14px;\\\">. (<a href=\\\"http:\/\/www.boe.es\/boe\/dias\/2015\/04\/24\/pdfs\/BOE-B-2015-12800.pdf\\\" target=\\\"_blank\\\">BOE\u00a0viernes 24\u00a0de abril de 2015<\/a>)<\/span><\/span><\/p>\n<p> El plazo de licitaci\u00f3n termina el <strong>11 de mayo de 2015 a las 14:00 h.<\/strong><\/p>\n<p> <span style=\\\"line-height: 20px; font-size: 12px;\\\">Toda la documentaci\u00f3n e informaci\u00f3n necesaria para poder optar a dicho concurso est\u00e1 disponible en <a href=\\\"http:\/\/www.madrid.es\/portales\/munimadrid\/es\/Inicio\/El-Ayuntamiento\/Hacienda\/Perfil-de-Contratante\/Expedientes-Licitados\/Gestion-de-servicio-publico-de-mercado-municipal-en-el-inmueble-denominado-Mercado-de-Ventas-?vgnextfmt=default&#038;vgnextoid=05015ab9d830c410VgnVCM2000000c205a0aRCRD&#038;vgnextchannel=f339ec5228488110VgnVCM100000c90da8c0RCRD\\\" target=\\\"_blank\\\">www.madrid.es\/perfildelcontratante<\/a><\/span><\/p>\n<div>\n<p> \u00a0<\/p><\/div>\n","protected":false},"excerpt":{"rendered":"<p>Abierta la convocatoria para la adjudicaci\u00f3n por procedimiento abierto\u00a0del&#8230;<\/p>\n","protected":false},"featured_media":6939,"template":"","meta":{"_acf_changed":false},"categories":[],"noticias":[],"class_list":["post-6938","noticias","type-noticias","status-publish","has-post-thumbnail","hentry"],"acf":[],"_links":{"self":[{"href":"https:\/\/test.madridemprende.anovagroup.es\/fr\/wp-json\/wp\/v2\/noticias\/6938"}],"collection":[{"href":"https:\/\/test.madridemprende.anovagroup.es\/fr\/wp-json\/wp\/v2\/noticias"}],"about":[{"href":"https:\/\/test.madridemprende.anovagroup.es\/fr\/wp-json\/wp\/v2\/types\/noticias"}],"version-history":[{"count":0,"href":"https:\/\/test.madridemprende.anovagroup.es\/fr\/wp-json\/wp\/v2\/noticias\/6938\/revisions"}],"wp:featuredmedia":[{"embeddable":true,"href":"https:\/\/test.madridemprende.anovagroup.es\/fr\/wp-json\/wp\/v2\/media\/6939"}],"wp:attachment":[{"href":"https:\/\/test.madridemprende.anovagroup.es\/fr\/wp-json\/wp\/v2\/media?parent=6938"}],"wp:term":[{"taxonomy":"category","embeddable":true,"href":"https:\/\/test.madridemprende.anovagroup.es\/fr\/wp-json\/wp\/v2\/categories?post=6938"},{"taxonomy":"noticias","embeddable":true,"href":"https:\/\/test.madridemprende.anovagroup.es\/fr\/wp-json\/wp\/v2\/noticias?post=6938"}],"curies":[{"name":"wp","href":"https:\/\/api.w.org\/{rel}","templated":true}]}}