{"id":6940,"date":"2015-04-15T00:00:00","date_gmt":"2015-04-15T00:00:00","guid":{"rendered":"https:\/\/pre.madridemprende.anovagroup.es\/noticias\/expofranquicia-2015\/"},"modified":"2022-06-08T11:35:00","modified_gmt":"2022-06-08T09:35:00","slug":"expofranquicia-2015","status":"publish","type":"noticias","link":"https:\/\/test.madridemprende.anovagroup.es\/fr\/noticias\/expofranquicia-2015\/","title":{"rendered":"Expofranquicia 2015"},"content":{"rendered":"<div>Del 23 al 25 de abril de 2015 tendr\u00e1 lugar en IFEMA \u2013 Feria de Madrid \u2013 la edici\u00f3n n\u00famero 21 de <a href=\"http:\/\/www.ifema.es\/expofranquicia_01\/\" target=\"_blank\" rel=\"noopener\">EXPOFRANQUICIA \u201cSal\u00f3n de la Franquicia\u201d <\/a>en la que un a\u00f1o m\u00e1s\u00a0Madrid Emprende estar\u00e1 presente.<\/p>\n<p> Esta Feria se concibe como el punto de encuentro l\u00edder en Espa\u00f1a del sector de la franquicia al recibir visitantes de todas las regiones espa\u00f1olas y de 36 pa\u00edses del mundo. Presenta una variada oferta multisectorial de ense\u00f1as de \u00e1mbito nacional e internacional.<\/p>\n<p> Entre sus principales objetivos est\u00e1n:<\/p><\/div>\n<ul>\n<li>Reunir al mayor n\u00famero de franquicias posible y de distintos sectores de actividad y ofrecer una amplia variedad de opciones al inversor.<\/li>\n<li>Ofrecer una oferta integral de servicios para el negocio de la franquicia<\/li>\n<li>Internacionalizaci\u00f3n en oferta y demanda: atraer a Madrid ense\u00f1as internacionales que deseen expandirse en el mercado nacional y, por otro lado, a inversores internacionales que deseen conocer la oferta espa\u00f1ola de franquicias.<\/li>\n<li>Ampliar la convocatoria a nuevos \u00e1mbitos: Llegar al p\u00fablico menos conocedor de la f\u00f3rmula de franquicia e insertar el mensaje de la feria en los \u00e1mbitos donde se genera el emprendimiento.<\/li>\n<li>Punto de encuentro generador de contactos de calidad.<\/li>\n<\/ul>\n<div>El Ayuntamiento de Madrid, a trav\u00e9s de \u201cMadrid Emprende\u201d, forma parte desde 2010 de su Comit\u00e9 Organizador junto con representantes de la Asociaci\u00f3n Espa\u00f1ola de franquiciadores, C\u00e1mara Oficial de Comercio e Industria de Madrid, Comunidad de Madrid y grandes empresas establecidas en Espa\u00f1a.\u00a0<\/p>\n<p> Madrid Emprende tendr\u00e1 asimismo presencia en esta feria en el stand 4B01, donde ofrecer\u00e1 el amplio cat\u00e1logo y los recursos que ofrece habitualmente a los emprendedores que deciden poner en marcha un proyecto en la Ciudad de Madrid.<\/p>\n<p> Ponemos a disposici\u00f3n de los interesados <strong>invitaciones<\/strong> para asistir a la feria, solicita la tuya\u00a0enviando un correo a <a href=\"mailto:emprendedores@madrid.es?subject=Invitaci%C3%B3n%20a%20Expofranquicia%202015\">emprendedores@madrid.es<\/a>\u00a0<\/p>\n<p> En esta edici\u00f3n van a participar m\u00e1s de 300 empresas, y se espera superar los m\u00e1s de 15.000 visitantes que hubo el a\u00f1o pasado de 40 pa\u00edses.<\/p><\/div>\n","protected":false},"excerpt":{"rendered":"<p>Del 23 al 25 de abril de 2015 tendr\u00e1 lugar en IFEMA \u2013 Feria de Madrid \u2013 la&#8230;<\/p>\n","protected":false},"featured_media":6941,"template":"","meta":{"_acf_changed":false},"categories":[],"noticias":[],"class_list":["post-6940","noticias","type-noticias","status-publish","has-post-thumbnail","hentry"],"acf":[],"_links":{"self":[{"href":"https:\/\/test.madridemprende.anovagroup.es\/fr\/wp-json\/wp\/v2\/noticias\/6940"}],"collection":[{"href":"https:\/\/test.madridemprende.anovagroup.es\/fr\/wp-json\/wp\/v2\/noticias"}],"about":[{"href":"https:\/\/test.madridemprende.anovagroup.es\/fr\/wp-json\/wp\/v2\/types\/noticias"}],"version-history":[{"count":0,"href":"https:\/\/test.madridemprende.anovagroup.es\/fr\/wp-json\/wp\/v2\/noticias\/6940\/revisions"}],"wp:featuredmedia":[{"embeddable":true,"href":"https:\/\/test.madridemprende.anovagroup.es\/fr\/wp-json\/wp\/v2\/media\/6941"}],"wp:attachment":[{"href":"https:\/\/test.madridemprende.anovagroup.es\/fr\/wp-json\/wp\/v2\/media?parent=6940"}],"wp:term":[{"taxonomy":"category","embeddable":true,"href":"https:\/\/test.madridemprende.anovagroup.es\/fr\/wp-json\/wp\/v2\/categories?post=6940"},{"taxonomy":"noticias","embeddable":true,"href":"https:\/\/test.madridemprende.anovagroup.es\/fr\/wp-json\/wp\/v2\/noticias?post=6940"}],"curies":[{"name":"wp","href":"https:\/\/api.w.org\/{rel}","templated":true}]}}