{"id":6960,"date":"2015-05-05T00:00:00","date_gmt":"2015-05-05T00:00:00","guid":{"rendered":"https:\/\/pre.madridemprende.anovagroup.es\/noticias\/40-top-entrepreneurs-programa-mentor\/"},"modified":"2022-06-08T11:34:58","modified_gmt":"2022-06-08T09:34:58","slug":"40-top-entrepreneurs-programa-mentor","status":"publish","type":"noticias","link":"https:\/\/test.madridemprende.anovagroup.es\/fr\/noticias\/40-top-entrepreneurs-programa-mentor\/","title":{"rendered":"40\u00ba Top Entrepreneurs. Programa Mentor"},"content":{"rendered":"<p><span style=\\\"line-height: 20.7999992370605px;\\\">El pr\u00f3ximo <strong>mi\u00e9rcoles 13 de mayo a las 12:00 horas<\/strong> en el <a href=\\\"\/es\/emprendedores\/espacios-para-emprendedores\/viveros-de-empresas\/Viveros\/ficha\/4728d57df9ddd693aebc6893018681e3\/\\\">Vivero de Empresas de Carabanchel <\/a>\u00a0tendr\u00e1 lugar la c<\/span>uadrag\u00e9sima sesi\u00f3n del <a href=\\\"\/es\/emprendedores\/in-formacion-y-networking\/top-enterpreneur\\\">Programa Mentor \\\u00bbTop Entrepreneurs\\\u00bb<\/a>.<\/p>\n<p> Se trata de una charla de un emprendedor de \u00e9xito relevante, con el objetivo de acercar la experiencia de los emprendedores de m\u00e1s \u00e9xito de nuestro pa\u00eds a emprendedores que est\u00e1n iniciando su proyecto empresarial.<\/p>\n<p> En esta ocasi\u00f3n contaremos con la presencia de <strong>Ad\u00e1n Mu\u00f1oz<\/strong>, emprendedor de referencia en el sector internacional de la telefon\u00eda m\u00f3vil, dispositivos electr\u00f3nicos y rob\u00f3tica. Ingeniero de telecomunicaciones, en 2003 empez\u00f3 su andadura en el mundo del emprendimiento junto a otros 5 compa\u00f1eros de estudio con los que coincidi\u00f3 en la asociaci\u00f3n de alumnos ITEM Consulting. Fundan varias empresas de dispositivos electr\u00f3nicos,\u00a0 hasta que en 2012 crean <strong>bq<\/strong>, prestigioso fabricante de tel\u00e9fonos m\u00f3viles smartphones,ts e impresoras 3D, entre otros muchos productos. Actualmente, <em>bq<\/em> factura m\u00e1s de 200 millones de \u20ac anuales y da empleo a m\u00e1s de 1.000 trabajadores. Despu\u00e9s de haber crecido espectacularmente en el mercado espa\u00f1ol, se encuentra en plena expansi\u00f3n internacional.<br \/> \u00a0<br \/> Esta es una iniciativa abierta a todos los emprendedores. La asistencia es gratuita y se recomienda a los emprendedores asistentes que acudan provistos de sus tarjetas ante la posibilidad de establecer contactos, incluido el ponente, por supuesto.<br \/> \u00a0<br \/> Todos aquellos que deseen asistir pueden inscribirse cumplimentando el breve formulario de inscripci\u00f3n que pod\u00e9is encontrar \u00a0<a href=\\\"\/es\/agenda\/Agenda\/evento\/fccf43a80e9bace31021bf5e57378d7f\/\\\">AQUI<\/a><\/p>\n","protected":false},"excerpt":{"rendered":"<p>El pr\u00f3ximo mi\u00e9rcoles 13 de mayo a las 12:00 horas en el Vivero de Empresas&#8230;<\/p>\n","protected":false},"featured_media":6961,"template":"","meta":{"_acf_changed":false},"categories":[],"noticias":[],"class_list":["post-6960","noticias","type-noticias","status-publish","has-post-thumbnail","hentry"],"acf":[],"_links":{"self":[{"href":"https:\/\/test.madridemprende.anovagroup.es\/fr\/wp-json\/wp\/v2\/noticias\/6960"}],"collection":[{"href":"https:\/\/test.madridemprende.anovagroup.es\/fr\/wp-json\/wp\/v2\/noticias"}],"about":[{"href":"https:\/\/test.madridemprende.anovagroup.es\/fr\/wp-json\/wp\/v2\/types\/noticias"}],"version-history":[{"count":0,"href":"https:\/\/test.madridemprende.anovagroup.es\/fr\/wp-json\/wp\/v2\/noticias\/6960\/revisions"}],"wp:featuredmedia":[{"embeddable":true,"href":"https:\/\/test.madridemprende.anovagroup.es\/fr\/wp-json\/wp\/v2\/media\/6961"}],"wp:attachment":[{"href":"https:\/\/test.madridemprende.anovagroup.es\/fr\/wp-json\/wp\/v2\/media?parent=6960"}],"wp:term":[{"taxonomy":"category","embeddable":true,"href":"https:\/\/test.madridemprende.anovagroup.es\/fr\/wp-json\/wp\/v2\/categories?post=6960"},{"taxonomy":"noticias","embeddable":true,"href":"https:\/\/test.madridemprende.anovagroup.es\/fr\/wp-json\/wp\/v2\/noticias?post=6960"}],"curies":[{"name":"wp","href":"https:\/\/api.w.org\/{rel}","templated":true}]}}