{"id":6974,"date":"2015-05-21T00:00:00","date_gmt":"2015-05-21T00:00:00","guid":{"rendered":"https:\/\/pre.madridemprende.anovagroup.es\/noticias\/madrid-emprende-estar-presente-en-omexpo-los-das-27-y-28-de-mayo\/"},"modified":"2022-06-08T11:34:56","modified_gmt":"2022-06-08T09:34:56","slug":"madrid-emprende-estar-presente-en-omexpo-los-das-27-y-28-de-mayo","status":"publish","type":"noticias","link":"https:\/\/test.madridemprende.anovagroup.es\/fr\/noticias\/madrid-emprende-estar-presente-en-omexpo-los-das-27-y-28-de-mayo\/","title":{"rendered":"Madrid Emprende estar\u00e1 presente en OMExpo los d\u00edas 27 y 28 de mayo"},"content":{"rendered":"<p>El \u00e1rea de exposici\u00f3n de <a href=\\\"https:\/\/registration.n200.com\/survey\/3tz6l1qd1xkae\/register?actioncode=NTWO000086SAW&#038;partner-contact=2rrqd144dgvqc\\\" target=\\\"_blank\\\">OMExpo y eCOMMexpo<\/a>,\u00a0programa de\u00a0actividades paralelas, congreso,\u00a0seminarios y debates\u00a0re\u00fane cada a\u00f1o en s\u00f3lo dos d\u00edas\u00a0a los principales expertos del panorama nacional e internacional.<br \/> \u00a0<br \/> Cualquier empresa, pyme, emprendedor y aut\u00f3nomo tiene que incorporar y potenciar este medio de dar a conocer su negocio. \u00c9sta es una ocasi\u00f3n \u00fanica de descubrir que posibilidades le ofrece el mercado y como puede sacar beneficio de las mismas.<br \/> \u00a0<br \/> <a href=\\\"\/es\\\">Madrid Emprende<\/a>, como parte de su actividad de difusi\u00f3n, impulso y desarrollo de la actividad econ\u00f3mica en la ciudad contribuye a que todos los profesionales puedan sacar rendimiento a las nuevas formas de hacer negocio.<br \/> \u00a0<br \/> Paralelamente se siguen desarrollando en todos sus centros cursos y talleres gratuitos\u00a0informativos dirigidos a este colectivo, durante el mes de mayo hay programadas m\u00e1s de 50 actividades abiertas para todos ellos, el contenido de cada una y el formulario de inscripci\u00f3n est\u00e1 disponible en\u00a0<a href=\\\"\/es\/agenda\\\" target=\\\"_blank\\\">www.madridemprende.es\/agenda<\/a>.<\/p>\n","protected":false},"excerpt":{"rendered":"<p>El \u00e1rea de exposici\u00f3n de OMExpo y eCOMMexpo,\u00a0programa de\u00a0actividades&#8230;<\/p>\n","protected":false},"featured_media":6975,"template":"","meta":{"_acf_changed":false},"categories":[],"noticias":[],"class_list":["post-6974","noticias","type-noticias","status-publish","has-post-thumbnail","hentry"],"acf":[],"_links":{"self":[{"href":"https:\/\/test.madridemprende.anovagroup.es\/fr\/wp-json\/wp\/v2\/noticias\/6974"}],"collection":[{"href":"https:\/\/test.madridemprende.anovagroup.es\/fr\/wp-json\/wp\/v2\/noticias"}],"about":[{"href":"https:\/\/test.madridemprende.anovagroup.es\/fr\/wp-json\/wp\/v2\/types\/noticias"}],"version-history":[{"count":0,"href":"https:\/\/test.madridemprende.anovagroup.es\/fr\/wp-json\/wp\/v2\/noticias\/6974\/revisions"}],"wp:featuredmedia":[{"embeddable":true,"href":"https:\/\/test.madridemprende.anovagroup.es\/fr\/wp-json\/wp\/v2\/media\/6975"}],"wp:attachment":[{"href":"https:\/\/test.madridemprende.anovagroup.es\/fr\/wp-json\/wp\/v2\/media?parent=6974"}],"wp:term":[{"taxonomy":"category","embeddable":true,"href":"https:\/\/test.madridemprende.anovagroup.es\/fr\/wp-json\/wp\/v2\/categories?post=6974"},{"taxonomy":"noticias","embeddable":true,"href":"https:\/\/test.madridemprende.anovagroup.es\/fr\/wp-json\/wp\/v2\/noticias?post=6974"}],"curies":[{"name":"wp","href":"https:\/\/api.w.org\/{rel}","templated":true}]}}