{"id":6980,"date":"2015-05-21T00:00:00","date_gmt":"2015-05-21T00:00:00","guid":{"rendered":"https:\/\/pre.madridemprende.anovagroup.es\/noticias\/madrid-emprende-participa-en-la-jornada-de-internet-del-futuro\/"},"modified":"2022-06-08T11:34:55","modified_gmt":"2022-06-08T09:34:55","slug":"madrid-emprende-participa-en-la-jornada-de-internet-del-futuro","status":"publish","type":"noticias","link":"https:\/\/test.madridemprende.anovagroup.es\/fr\/noticias\/madrid-emprende-participa-en-la-jornada-de-internet-del-futuro\/","title":{"rendered":"Madrid Emprende participa en la jornada de Internet del Futuro"},"content":{"rendered":"<p>El pasado d\u00eda 21 de mayo tuvo lugar la celebraci\u00f3n de la jornada de <a href=\\\"http:\/\/www.imasdtic.es\/es\/Inicio\/Informacion\/Agenda_IDI\/Agenda_IDI\/Los-protagonistas-de-Internet-del-Futuro\\\">Internet del Futuro<\/a> celebrada en el <a href=\\\"http:\/\/www.madrid.es\/portal\/site\/munimadrid\/menuitem.f4bb5b953cd0b0aa7d245f019fc08a0c\/?vgnextoid=772f53a9b458b010VgnVCM100000d90ca8c0RCRD&#038;vgnextchannel=0c369e242ab26010VgnVCM100000dc0ca8c0RCRD&#038;rmColeccion=895a4247b0d7d010VgnVCM1000000b205a0aRCRD\\\">Centro Cultural Galileo<\/a> que cont\u00f3 con la presencia de la concejala del distrito de Chamber\u00ed, Isabel Mart\u00ednez-Cubells y Pedro Gonz\u00e1lez Torroba, Director General de <a href=\\\"\/es\\\">Madrid Emprende<\/a>, junto con Luis Ignacio Vicente del Olmo, manager del proyecto <a href=\\\"http:\/\/www.telefonica.com\/es\/about_telefonica\/html\/in_brief\/innovation.shtml\\\">Return of Innovation de Telef\u00f3nica<\/a> y presidente de la plataforma tecnol\u00f3gica <a href=\\\"http:\/\/esinternet.imasdtic.es\/\\\">es.Internet.<\/a><br \/> \u00a0<br \/> Esta jornada sirvi\u00f3 para presentar los resultados de las primeras rondas de aceleraci\u00f3n y mentoring llevadas a cabo por las aceleradoras que componen el proyecto <a href=\\\"https:\/\/www.fiware.org\/accelerators\/\\\">FiWare Accelerators<\/a>, que actualmente est\u00e1 repartiendo <strong>80 millones de euros entre startups y emprendedores europeos (incluso no constituidos como empresa)<\/strong> que basen sus desarrollos en <strong>la tecnolog\u00eda FiWare<\/strong>, impulsada por la comisi\u00f3n europea<br \/> \u00a0<br \/> <strong>Espa\u00f1a<\/strong> <strong>est\u00e1 siendo l\u00edder destacada<\/strong> de proyectos presentados y aprobados, con alrededor de un <strong>25%<\/strong> de la cifra total en toda Europa en unas rondas de aceleraci\u00f3n que por t\u00e9rmino medio financian con <strong>100.000<\/strong> <strong>euros<\/strong> las ideas de proyectos. Esta cantidad se entrega <strong>a fondo perdido<\/strong>, si bien hay que ir superando una serie de fases de desarrollo.<br \/> \u00a0<br \/> Concretamente, en lo que se refiere a las que estuvieron presentes en la jornada del 21 de mayo, respecto a los procesos de admisi\u00f3n a rondas de aceleraci\u00f3n, <strong><a href=\\\"http:\/\/www.finodex-project.eu\/\\\">FINODEX<\/a><\/strong> lo tiene abierto hasta el 17 de junio, <strong><a href=\\\"http:\/\/fabulous-fi.eu\/\\\">FABULUOS<\/a><\/strong> hasta el 18 de junio, <strong><a href=\\\"http:\/\/soul-fi.ipn.pt\/\\\">SOUL-FI<\/a><\/strong> hasta el 31 de agosto, solo para la segunda fase, <strong><a href=\\\"http:\/\/www.creatifi.eu\/\\\">CREATI-FI<\/a><\/strong> hasta el 30 de septiembre<strong>, <a href=\\\"http:\/\/www.impact-accelerator.com\/es\/\\\">IMPACT<\/a><\/strong> acaba de cerrar la segunda en abril y espera abrir a\u00fan una tercera, e<strong> <a href=\\\"http:\/\/www.incense-accelerator.com\/\\\" target=\\\"_blank\\\">INCENSe<\/a><\/strong> hasta el 15 de septiembre.<\/p>\n","protected":false},"excerpt":{"rendered":"<p>El pasado d\u00eda 21 de mayo tuvo lugar la celebraci\u00f3n de la jornada de&#8230;<\/p>\n","protected":false},"featured_media":6981,"template":"","meta":{"_acf_changed":false},"categories":[],"noticias":[],"class_list":["post-6980","noticias","type-noticias","status-publish","has-post-thumbnail","hentry"],"acf":[],"_links":{"self":[{"href":"https:\/\/test.madridemprende.anovagroup.es\/fr\/wp-json\/wp\/v2\/noticias\/6980"}],"collection":[{"href":"https:\/\/test.madridemprende.anovagroup.es\/fr\/wp-json\/wp\/v2\/noticias"}],"about":[{"href":"https:\/\/test.madridemprende.anovagroup.es\/fr\/wp-json\/wp\/v2\/types\/noticias"}],"version-history":[{"count":0,"href":"https:\/\/test.madridemprende.anovagroup.es\/fr\/wp-json\/wp\/v2\/noticias\/6980\/revisions"}],"wp:featuredmedia":[{"embeddable":true,"href":"https:\/\/test.madridemprende.anovagroup.es\/fr\/wp-json\/wp\/v2\/media\/6981"}],"wp:attachment":[{"href":"https:\/\/test.madridemprende.anovagroup.es\/fr\/wp-json\/wp\/v2\/media?parent=6980"}],"wp:term":[{"taxonomy":"category","embeddable":true,"href":"https:\/\/test.madridemprende.anovagroup.es\/fr\/wp-json\/wp\/v2\/categories?post=6980"},{"taxonomy":"noticias","embeddable":true,"href":"https:\/\/test.madridemprende.anovagroup.es\/fr\/wp-json\/wp\/v2\/noticias?post=6980"}],"curies":[{"name":"wp","href":"https:\/\/api.w.org\/{rel}","templated":true}]}}