{"id":6982,"date":"2015-06-01T00:00:00","date_gmt":"2015-06-01T00:00:00","guid":{"rendered":"https:\/\/pre.madridemprende.anovagroup.es\/noticias\/madrid-emprende-y-yo-dona-convocan-la-v-edicin-del-premio-emprendedoras\/"},"modified":"2022-06-08T11:34:55","modified_gmt":"2022-06-08T09:34:55","slug":"madrid-emprende-y-yo-dona-convocan-la-v-edicin-del-premio-emprendedoras","status":"publish","type":"noticias","link":"https:\/\/test.madridemprende.anovagroup.es\/fr\/noticias\/madrid-emprende-y-yo-dona-convocan-la-v-edicin-del-premio-emprendedoras\/","title":{"rendered":"Madrid Emprende y Yo Dona convocan la V Edici\u00f3n del Premio Emprendedoras"},"content":{"rendered":"<p>Madrid Emprende y Yo Dona organizan el <a href=\\\"\/es\/emprendedores\/aceleracion-de-empresas\/premio-emprendedoras\\\" target=\\\"_blank\\\">Premio Emprendedoras 2015<\/a>\u00a0(#Emprendedoras15) destinado a premiar los mejores proyectos desarrollados por mujeres emprendedoras con estancias en los <a href=\\\"\/es\/emprendedores\/espacios-para-emprendedores\\\" target=\\\"_blank\\\">Espacios para Emprendedores de Madrid Emprende<\/a>, mentoring realizado por emprendedoras de \u00e9xito y acceso a formaci\u00f3n especializada.<br \/> \u00a0<br \/> El plazo para la presentaci\u00f3n de solicitudes comienza el <strong>1 de junio y termina el 31 de julio de 2015<\/strong>. A este premio pueden optar mujeres que tengan una idea emprendedora e inter\u00e9s por materializarla en un proyecto as\u00ed como empresas con un m\u00e1ximo de 2 a\u00f1os de antig\u00fcedad en las que alguno de sus socios sea una mujer.<br \/> \u00a0<br \/> Las responsables de los proyectos presentados realizar\u00e1n un elevator pitch de minuto y medio para dar a conocer sus proyectos ante el jurado en el <a href=\\\"\/es\/emprendedores\/espacios-para-emprendedores\/viveros-de-empresas\/Viveros\/ficha\/bd88c882e9b597a6d95b6b67fe83cc62\/\\\" target=\\\"_blank\\\">Vivero de Puente de Vallecas<\/a> donde se seleccionar\u00e1n las 10 finalistas, cinco para cada una de las categor\u00edas.<br \/> \u00a0<br \/> Las finalistas dispondr\u00e1n de un plazo de dos meses para realizar su plan de empresa para las que Madrid Emprende pondr\u00e1 a su disposici\u00f3n t\u00e9cnicos\u00a0 de la <a href=\\\"\/es\/emprendedores\/espacios-para-emprendedores\/viveros-de-empresas\\\" target=\\\"_blank\\\">Red de Viveros de Madrid Emprende<\/a> y la Sala Yo Dona del Vivero de Empresas de Puente de Vallecas.<br \/> \u00a0<br \/> Durante esta fase tambi\u00e9n contar\u00e1n con el apoyo de las mentoras del Premio Emprendedoras 2015, M\u00aa Jos\u00e9 Navarro, de <a href=\\\"http:\/\/www.bodabook.com\/\\\">Bodabook<\/a>, Pilar Roch y Beatriz Garc\u00eda-Quismondo de <a href=\\\"http:\/\/www.womenalia.com\/es\/\\\" target=\\\"_blank\\\">Womenalia<\/a> y Marta Torres Polo del <a href=\\\"http:\/\/www.villanueva.edu\/\\\" target=\\\"_blank\\\">Centro Universitario Villanueva<\/a> y \u00a0Mar Barbero,<br \/> \u00a0<br \/> En diciembre se celebrar\u00e1 el Demo Day en el que se elegir\u00e1n las ganadoras del <a href=\\\"\/es\/emprendedores\/aceleracion-de-empresas\/premio-emprendedoras\\\" target=\\\"_blank\\\">Premio Emprendedoras 2015<\/a> en cada categor\u00eda. Recibir\u00e1n una estancia durante un a\u00f1o en alguno de los Espacios para Emprendedores de Madrid Emprende, amadrinamiento durante un a\u00f1o de una emprendedora de \u00e9xito, una entrevista en la revista <a href=\\\"http:\/\/www.elmundo.es\/yodona.html\\\" target=\\\"_blank\\\"><strong>Yo Dona<\/strong><\/a>, acceso a un programa formativo por parte de <strong>Centro Universitario Villanueva<\/strong> y entrevista en <strong>Womenalia<\/strong>, publicidad en Womenews, Display y difusi\u00f3n en redes sociales.<br \/> \u00a0<br \/> Consulta las bases completas y la inscripci\u00f3n <a href=\\\"\/es\/emprendedores\/aceleracion-de-empresas\/premio-emprendedoras\\\">aqu\u00ed<\/a>.<\/p>\n","protected":false},"excerpt":{"rendered":"<p>Madrid Emprende y Yo Dona organizan el Premio Emprendedoras&#8230;<\/p>\n","protected":false},"featured_media":6983,"template":"","meta":{"_acf_changed":false},"categories":[],"noticias":[],"class_list":["post-6982","noticias","type-noticias","status-publish","has-post-thumbnail","hentry"],"acf":[],"_links":{"self":[{"href":"https:\/\/test.madridemprende.anovagroup.es\/fr\/wp-json\/wp\/v2\/noticias\/6982"}],"collection":[{"href":"https:\/\/test.madridemprende.anovagroup.es\/fr\/wp-json\/wp\/v2\/noticias"}],"about":[{"href":"https:\/\/test.madridemprende.anovagroup.es\/fr\/wp-json\/wp\/v2\/types\/noticias"}],"version-history":[{"count":0,"href":"https:\/\/test.madridemprende.anovagroup.es\/fr\/wp-json\/wp\/v2\/noticias\/6982\/revisions"}],"wp:featuredmedia":[{"embeddable":true,"href":"https:\/\/test.madridemprende.anovagroup.es\/fr\/wp-json\/wp\/v2\/media\/6983"}],"wp:attachment":[{"href":"https:\/\/test.madridemprende.anovagroup.es\/fr\/wp-json\/wp\/v2\/media?parent=6982"}],"wp:term":[{"taxonomy":"category","embeddable":true,"href":"https:\/\/test.madridemprende.anovagroup.es\/fr\/wp-json\/wp\/v2\/categories?post=6982"},{"taxonomy":"noticias","embeddable":true,"href":"https:\/\/test.madridemprende.anovagroup.es\/fr\/wp-json\/wp\/v2\/noticias?post=6982"}],"curies":[{"name":"wp","href":"https:\/\/api.w.org\/{rel}","templated":true}]}}