{"id":6984,"date":"2015-06-01T00:00:00","date_gmt":"2015-06-01T00:00:00","guid":{"rendered":"https:\/\/pre.madridemprende.anovagroup.es\/noticias\/madrid-emprende-en-la-feria-omexpo-y-ecomexpo\/"},"modified":"2022-06-08T11:34:54","modified_gmt":"2022-06-08T09:34:54","slug":"madrid-emprende-en-la-feria-omexpo-y-ecomexpo","status":"publish","type":"noticias","link":"https:\/\/test.madridemprende.anovagroup.es\/fr\/noticias\/madrid-emprende-en-la-feria-omexpo-y-ecomexpo\/","title":{"rendered":"Madrid Emprende en la feria OMExpo y eCOMexpo"},"content":{"rendered":"<p><a href=\\\"http:\/\/www.easyfairs.com\/es\/events_216\/omexpo-ecomexpo-2015_65979\/omexpo-2015_66201\/\\\" target=\\\"_blank\\\">OMExpo &#038; eCOMexpo<\/a>, los dos eventos de referencia en Espa\u00f1a sobre\u00a0el negocio digital, el marketing y el comercio electr\u00f3nico, organizado por <a href=\\\"http:\/\/www.easyfairs.com\/es\/\\\">Easyfairs<\/a>, cerraron con \u00e9xito su edici\u00f3n 2015 con m\u00e1s de 10 mil visitantes.<br \/> La cita imprescindible para los l\u00edderes del negocio digital y profesionales del marketing reuni\u00f3 el pasado 27 y el 28 de mayo a m\u00e1s de 180 expositores en el pabell\u00f3n cinco de la <a href=\\\"http:\/\/www.ifema.es\/Institucional_01\/\\\" target=\\\"_blank\\\">Feria de Madrid<\/a>. El evento ofreci\u00f3 m\u00e1s de 200 horas de contenido de calidad en el congreso paralelo que se celebr\u00f3 en 9 salas de conferencias y 6 foros especializados. M\u00e1s de 350 ponentes nacionales e internacionales compartieron ideas y experiencias pr\u00e1cticas que est\u00e1n desarrollando para impulsar la econom\u00eda digital.<br \/> <a href=\\\"\/es\\\" target=\\\"_blank\\\">Madrid Emprende<\/a> estuvo presente informando y asesorando a los emprendedores de Madrid que se acercaron.<\/p>\n<p> Las conclusi\u00f3n m\u00e1s relevante de esta edici\u00f3n es que el marketing digital sigue siendo el principal impulsor de la transformaci\u00f3n digital de los negocios. La velocidad a la que evoluciona la tecnolog\u00eda y las estrategias de marketing, dirigidas a los nuevos mercados, es un constante recordatorio para que las empresas se sumen a la ola de transformaci\u00f3n de sus modelos de negocio \u00a0mediante una estrategia transversal digital.<br \/> La edici\u00f3n 2015, que dio especial importancia a todo el universo BigData y, al conocimiento profundo de los h\u00e1bitos de consumo de los usuarios y sus comportamientos en Internet cont\u00f3 con la presencia de Madrid Emprende con un stand por el que se pasaron un buen n\u00famero de emprendedores para conocer de primera mano los servicios y espacios pone a su disposici\u00f3n para desarrollar con \u00e9xito sus proyectos e ideas de negocio.<\/p>\n","protected":false},"excerpt":{"rendered":"<p>OMExpo &#038; eCOMexpo, los dos eventos de referencia en Espa\u00f1a sobre\u00a0el negocio&#8230;<\/p>\n","protected":false},"featured_media":6985,"template":"","meta":{"_acf_changed":false},"categories":[],"noticias":[],"class_list":["post-6984","noticias","type-noticias","status-publish","has-post-thumbnail","hentry"],"acf":[],"_links":{"self":[{"href":"https:\/\/test.madridemprende.anovagroup.es\/fr\/wp-json\/wp\/v2\/noticias\/6984"}],"collection":[{"href":"https:\/\/test.madridemprende.anovagroup.es\/fr\/wp-json\/wp\/v2\/noticias"}],"about":[{"href":"https:\/\/test.madridemprende.anovagroup.es\/fr\/wp-json\/wp\/v2\/types\/noticias"}],"version-history":[{"count":0,"href":"https:\/\/test.madridemprende.anovagroup.es\/fr\/wp-json\/wp\/v2\/noticias\/6984\/revisions"}],"wp:featuredmedia":[{"embeddable":true,"href":"https:\/\/test.madridemprende.anovagroup.es\/fr\/wp-json\/wp\/v2\/media\/6985"}],"wp:attachment":[{"href":"https:\/\/test.madridemprende.anovagroup.es\/fr\/wp-json\/wp\/v2\/media?parent=6984"}],"wp:term":[{"taxonomy":"category","embeddable":true,"href":"https:\/\/test.madridemprende.anovagroup.es\/fr\/wp-json\/wp\/v2\/categories?post=6984"},{"taxonomy":"noticias","embeddable":true,"href":"https:\/\/test.madridemprende.anovagroup.es\/fr\/wp-json\/wp\/v2\/noticias?post=6984"}],"curies":[{"name":"wp","href":"https:\/\/api.w.org\/{rel}","templated":true}]}}