{"id":6986,"date":"2015-06-01T00:00:00","date_gmt":"2015-06-01T00:00:00","guid":{"rendered":"https:\/\/pre.madridemprende.anovagroup.es\/noticias\/coffee-break-con-larry-bensadon-en-madrid-international-lab\/"},"modified":"2022-06-08T11:34:54","modified_gmt":"2022-06-08T09:34:54","slug":"coffee-break-con-larry-bensadon-en-madrid-international-lab","status":"publish","type":"noticias","link":"https:\/\/test.madridemprende.anovagroup.es\/fr\/noticias\/coffee-break-con-larry-bensadon-en-madrid-international-lab\/","title":{"rendered":"Coffee Break con Larry Bensadon en Madrid International LAB"},"content":{"rendered":"<p>El lunes 1 de junio a las 19:00 h se celebr\u00f3 un nuevo \u201c<a href=\\\"\/es\/emprendedores\/in-formacion-y-networking\/coffee-break\\\">Coffee Break<\/a>\u201d en <a href=\\\"\/es\/emprendedores\/espacios-para-emprendedores\/viveros-de-empresas\/Viveros\/ficha\/8a8823acabb3f7b8d9609b0a41497e3f\/\\\">Madrid International Lab<\/a>. En esta ocasi\u00f3n el invitado de honor fue <a href=\\\"https:\/\/es.linkedin.com\/in\/lbensadon\\\">Larry Bensadon<\/a>, referente hist\u00f3rico en el mundo de las telecomunicaciones en Espa\u00f1a.<br \/> <a href=\\\"https:\/\/twitter.com\/ferprofe\\\">Fernando Herrero<\/a>, Subdirector de <a href=\\\"\/es\\\">Madrid Emprende<\/a> agradeci\u00f3 a Larry que hubiera venido a contar su historia hasta <a href=\\\"\/es\/emprendedores\/espacios-para-emprendedores\/viveros-de-empresas\/Viveros\/ficha\/8a8823acabb3f7b8d9609b0a41497e3f\/\\\">Madrid International Lab<\/a>, un espacio que Madrid Emprende pone a disposici\u00f3n de los emprendedores que buscan internacionalizar sus proyectos, incluidos aqu\u00e9llos que desde el extranjero eligen Madrid como puerta de entrada para el mercado espa\u00f1ol.<\/p>\n<p> Larry comenz\u00f3 su vida profesional en la empresa familiar y, tras un breve paso por APV y Schwarzkopf, se ve inmerso en el lanzamiento de Canal + en Espa\u00f1a, como primera experiencia en el pa\u00eds con la televisi\u00f3n de pago, cuya implantaci\u00f3n depend\u00eda de crear una nueva necesidad en los consumidores: pagar por contenidos televisivos.<br \/> Es ah\u00ed donde descubre su gran pasi\u00f3n a la que durante el resto de su vida profesional siempre ha querido verse ligado, <strong>las telecomunicaciones.<\/strong><br \/> \u00a0<br \/> <strong>\\\u00bbLa vida es una carrera con muchos obst\u00e1culos y nadie te los va a quitar\\\u00bb\u00a0<\/strong><br \/> Larry Bensadon comparti\u00f3 con los asistentes su experiencia personal. Para cuando lanz\u00f3 Canal+ Espa\u00f1a ya hab\u00eda sufrido un grave accidente y adem\u00e1s le diagnostican una grave enfermedad. Este diagn\u00f3stico da un gran giro a su vida.\u00a0Durante su tratamiento nunca abandon\u00f3 su puesto de trabajo. Larry es consciente de que la vida est\u00e1 llena de obst\u00e1culos, que te endurecen cada d\u00eda, pero ante los que sin lugar a dudas debes luchar y seguir adelante.<br \/> \u00a0<br \/> <strong>Una estrategia de oc\u00e9ano azul.<\/strong><br \/> Tras finalizar su tratamiento comienza una nueva aventura en Airtel, m\u00e1s tarde adquirida por Vodafone, formando parte del equipo de lanzamiento del primer operador de telecomunicaciones m\u00f3viles que entr\u00f3 en competencia con Telef\u00f3nica.<\/p>\n<p> Se incorpor\u00f3 a Siemens, liderando el equipo encargado de la introducci\u00f3n en Espa\u00f1a de BlackBerry, pionera en correo en movilidad.\u00a0Siempre que uno saca un producto innovador que goza de gran aceptaci\u00f3n, pronto surgen nuevos competidores. \u00c9sta fue la estrategia que entonces BlackBerry sigui\u00f3, creando nuevos ramales de producto en vez de enzarzarse en una batalla por vender el mismo producto, al mismo p\u00fablico.<br \/> \u00a0<br \/> <strong>S\u00e9 fiel a ti mismo<\/strong><br \/> Actualmente es Director General para Espa\u00f1a y Portugal de Doro, l\u00edderes en tecnolog\u00eda accesible con una amplia gama de productos tecnol\u00f3gicos para personas mayores.\u00a0Adem\u00e1s, participa activamente en actividades de Mentoring con instituciones como IE Business School y participa en varias empresas.\u00a0<br \/> \u00a0<br \/> Su trayectoria es un claro ejemplo de superaci\u00f3n, donde ha tenido que superar grandes obst\u00e1culos, pero siempre ha tenido algo claro que debe ser fiel. Fiel a s\u00ed mismo. Fiel a sus objetivos. Fiel a sus creencias.<br \/> \u201cCreo siempre en lo que hago, de manera fiel. Por ello, sigo con mi esposa, tambi\u00e9n tengo tel\u00e9fonos Siemens en casa, y continuo utilizando BlackBerry\u201d.<\/p>\n","protected":false},"excerpt":{"rendered":"<p>El lunes 1 de junio a las 19:00 h se celebr\u00f3 un nuevo \u201cCoffee Break\u201d en&#8230;<\/p>\n","protected":false},"featured_media":6987,"template":"","meta":{"_acf_changed":false},"categories":[],"noticias":[],"class_list":["post-6986","noticias","type-noticias","status-publish","has-post-thumbnail","hentry"],"acf":[],"_links":{"self":[{"href":"https:\/\/test.madridemprende.anovagroup.es\/fr\/wp-json\/wp\/v2\/noticias\/6986"}],"collection":[{"href":"https:\/\/test.madridemprende.anovagroup.es\/fr\/wp-json\/wp\/v2\/noticias"}],"about":[{"href":"https:\/\/test.madridemprende.anovagroup.es\/fr\/wp-json\/wp\/v2\/types\/noticias"}],"version-history":[{"count":0,"href":"https:\/\/test.madridemprende.anovagroup.es\/fr\/wp-json\/wp\/v2\/noticias\/6986\/revisions"}],"wp:featuredmedia":[{"embeddable":true,"href":"https:\/\/test.madridemprende.anovagroup.es\/fr\/wp-json\/wp\/v2\/media\/6987"}],"wp:attachment":[{"href":"https:\/\/test.madridemprende.anovagroup.es\/fr\/wp-json\/wp\/v2\/media?parent=6986"}],"wp:term":[{"taxonomy":"category","embeddable":true,"href":"https:\/\/test.madridemprende.anovagroup.es\/fr\/wp-json\/wp\/v2\/categories?post=6986"},{"taxonomy":"noticias","embeddable":true,"href":"https:\/\/test.madridemprende.anovagroup.es\/fr\/wp-json\/wp\/v2\/noticias?post=6986"}],"curies":[{"name":"wp","href":"https:\/\/api.w.org\/{rel}","templated":true}]}}