{"id":6992,"date":"2015-06-10T00:00:00","date_gmt":"2015-06-10T00:00:00","guid":{"rendered":"https:\/\/pre.madridemprende.anovagroup.es\/noticias\/convocados-los-premios-comprendedor-2015-con-la-colaboracin-de-madrid-emprende\/"},"modified":"2022-06-08T11:34:54","modified_gmt":"2022-06-08T09:34:54","slug":"convocados-los-premios-comprendedor-2015-con-la-colaboracin-de-madrid-emprende","status":"publish","type":"noticias","link":"https:\/\/test.madridemprende.anovagroup.es\/fr\/noticias\/convocados-los-premios-comprendedor-2015-con-la-colaboracin-de-madrid-emprende\/","title":{"rendered":"Convocados los premios Comprendedor 2015 con la colaboraci\u00f3n de Madrid Emprende"},"content":{"rendered":"<p>La <a href=\\\"http:\/\/www.empresaysociedad.org\/\\\" target=\\\"_blank\\\">Fundaci\u00f3n Empresa y Sociedad<\/a> con la colaboraci\u00f3n de <a href=\\\"https:\/\/pre.madridemprende.anovagroup.es\\\" target=\\\"_blank\\\">Madrid Emprende<\/a> convoca los <a href=\\\"http:\/\/www.empresaysociedad.org\/emprendedores\\\" target=\\\"_blank\\\">premios Comprendedor 2015<\/a> enfocados en esta edici\u00f3n a \u201cayudar a que los emprendedores B2B consigan m\u00e1s f\u00e1cilmente sus primeros clientes\u201d.<\/p>\n<p> Un objetivo que no es f\u00e1cil ni siquiera en empresas que tienen programas propios de emprendimiento, porque suelen empezar por decir que \u201cno ten\u00e9is la experiencia que requieren nuestros procedimientos de compras\\\u00bb.<br \/> \u00a0<br \/> Los Premios se convocan en tres modalidades:<\/p>\n<ol>\n<li><strong>Emprendedor Comprendedor<\/strong>, al emprendedor B2B que haya experimentado un mayor crecimiento en clientes empresariales desde su inicio.<\/li>\n<li><strong>Emprendedor Comprendedor Promesa<\/strong>, al que tenga el producto con mayor potencial de venta a empresas.<\/li>\n<li><strong>Empresa Comprendedora<\/strong>, a la empresa que mejor haya desarrollado la relaci\u00f3n cliente-proveedor durante los primeros a\u00f1os de uno o varios emprendedores.<\/li>\n<\/ol>\n<p>\u00a0<br \/> Adem\u00e1s del reconocimiento que genere el hecho de ser premiados, el Premio para los ganadores es <strong>una campa\u00f1a divulgativa en medios y empresas, enfocada a que los emprendedores consigan nuevos clientes empresariales<\/strong>.<br \/> \u00a0<br \/> Los premios Comprendedor cuentan con el apoyo de diversas empresas, inversores, medios de comunicaci\u00f3n e instituciones entre las que se encuentra Madrid Emprende, que adem\u00e1s de apoyar en la difusi\u00f3n de estos premios, organizar\u00e1 actividades complementarias como el <strong>Coffee Break<\/strong> que se celebrar\u00e1<a href=\\\"\/es\/agenda\/Agenda\/evento\/b239cb1d6988e4f4da70f7df925b70f5\/\\\"> el pr\u00f3ximo 2 de julio en el Vivero de Empresas de Carabanchel<\/a> con Francisco Abad como invitado.<br \/> \u00a0<br \/> <strong>Presentaci\u00f3n de candidaturas<\/strong><br \/> \u00a0<br \/> El primer paso para presentar una candidatura es formalizar cuanto antes la preinscripci\u00f3n, tras la que la Fundaci\u00f3n enviar\u00e1 formulario de candidatura que se debe presentar despu\u00e9s, con <strong>fecha l\u00edmite el 27 de julio<\/strong>.<br \/> \u00a0<br \/> Los emprendedores se pueden presentar en la modalidad 1 o 2, e invitar a que lo hagan empresas que sean clientes especiales para ellos, en este caso a la modalidad 3, que es la dise\u00f1ada para empresas.<br \/> \u00a0<br \/> <a href=\\\"http:\/\/www.empresaysociedad.org\/emprendedores\\\">M\u00e1s informaci\u00f3n<\/a><\/p>\n","protected":false},"excerpt":{"rendered":"<p>La Fundaci\u00f3n Empresa y Sociedad con la colaboraci\u00f3n de Madrid Emprende&#8230;<\/p>\n","protected":false},"featured_media":6993,"template":"","meta":{"_acf_changed":false},"categories":[],"noticias":[],"class_list":["post-6992","noticias","type-noticias","status-publish","has-post-thumbnail","hentry"],"acf":[],"_links":{"self":[{"href":"https:\/\/test.madridemprende.anovagroup.es\/fr\/wp-json\/wp\/v2\/noticias\/6992"}],"collection":[{"href":"https:\/\/test.madridemprende.anovagroup.es\/fr\/wp-json\/wp\/v2\/noticias"}],"about":[{"href":"https:\/\/test.madridemprende.anovagroup.es\/fr\/wp-json\/wp\/v2\/types\/noticias"}],"version-history":[{"count":0,"href":"https:\/\/test.madridemprende.anovagroup.es\/fr\/wp-json\/wp\/v2\/noticias\/6992\/revisions"}],"wp:featuredmedia":[{"embeddable":true,"href":"https:\/\/test.madridemprende.anovagroup.es\/fr\/wp-json\/wp\/v2\/media\/6993"}],"wp:attachment":[{"href":"https:\/\/test.madridemprende.anovagroup.es\/fr\/wp-json\/wp\/v2\/media?parent=6992"}],"wp:term":[{"taxonomy":"category","embeddable":true,"href":"https:\/\/test.madridemprende.anovagroup.es\/fr\/wp-json\/wp\/v2\/categories?post=6992"},{"taxonomy":"noticias","embeddable":true,"href":"https:\/\/test.madridemprende.anovagroup.es\/fr\/wp-json\/wp\/v2\/noticias?post=6992"}],"curies":[{"name":"wp","href":"https:\/\/api.w.org\/{rel}","templated":true}]}}