{"id":7002,"date":"2015-07-01T00:00:00","date_gmt":"2015-07-01T00:00:00","guid":{"rendered":"https:\/\/pre.madridemprende.anovagroup.es\/noticias\/presentacin-del-sello-de-pequea-y-mediana-empresa-innovadora\/"},"modified":"2022-06-08T11:34:52","modified_gmt":"2022-06-08T09:34:52","slug":"presentacin-del-sello-de-pequea-y-mediana-empresa-innovadora","status":"publish","type":"noticias","link":"https:\/\/test.madridemprende.anovagroup.es\/fr\/noticias\/presentacin-del-sello-de-pequea-y-mediana-empresa-innovadora\/","title":{"rendered":"Presentaci\u00f3n del Sello de Peque\u00f1a y Mediana Empresa Innovadora"},"content":{"rendered":"<p>&#8211; El Vivero de Empresas de Vic\u00e1lvaro escenario de la primera jornada de presentaci\u00f3n del sello en las ciudades de la Red de Innpulso.<br \/>&#8211; Este sello ampliar\u00e1 las bonificaciones y los beneficios fiscales a las PYMES espa\u00f1olas que incorporen la innovaci\u00f3n de forma sistem\u00e1tica a su modelo productivo.<\/p>\n<p>El pasado 1 de julio, dentro del marco de la Estrategia Espa\u00f1ola de Ciencia y Tecnolog\u00eda y de Innovaci\u00f3n del <a href=\\\"http:\/\/www.mineco.gob.es\/\\\" target=\\\"_blank\\\">Ministerio de Econom\u00eda y Competitividad<\/a>, se llev\u00f3 a cabo la presentaci\u00f3n del <strong>Sello Pyme Innovadora<\/strong>, creado\u00a0 en virtud de la <em><a href=\\\"http:\/\/www.boe.es\/boe\/dias\/2015\/06\/11\/pdfs\/BOE-A-2015-6468.pdf\\\" target=\\\"_blank\\\">Orden ECC\/1087\/2015<\/a>.<\/em><br \/> Este sello nace con el objetivo de incrementar los deducciones y ayudas fiscales a las Peque\u00f1as y Medianas empresas que apuesten por la innovaci\u00f3n, facilit\u00e1ndoles el acercamiento a la contrataci\u00f3n p\u00fablica, as\u00ed como orientar y apoyar a las asociaciones empresariales y entidades del sector en la identificaci\u00f3n de pymes innovadoras y en el impulso del Sello.<\/p>\n<p> El <a href=\\\"http:\/\/www.madrid.es\/\\\" target=\\\"_blank\\\">Ayuntamiento de Madrid<\/a>, a trav\u00e9s de <a href=\\\"\/es\/empresas\/empresas-innovadoras\/sello-pyme-innovadora\\\">Madrid Emprende<\/a>, como entidad comprometida con el impulso a las Pymes y la generaci\u00f3n de empleo, entiende la necesidad de poner en valor estas medidas, en colaboraci\u00f3n con otros agentes involucrados en la gesti\u00f3n y apoyo de las Peque\u00f1as y Medianas empresas.<\/p>\n<p> La jornada fue inaugurada por <strong>Fernando Herrero<\/strong>, Subdirector General de Promoci\u00f3n econ\u00f3mica y ciudad inteligente, qui\u00e9n ejerci\u00f3 de maestro de ceremonias en la reflexi\u00f3n sobre la certificaci\u00f3n.<br \/> \u00a0<br \/> El Coordinador General de Alcald\u00eda, <strong>Luis Cueto \u00c1lvarez de Sotomayor<\/strong>, present\u00f3 \u201ceste Sello con contenido jur\u00eddico y econ\u00f3mico, que no es s\u00f3lo un sello, es mucho m\u00e1s\u201d ya que como anterior Subdirector General de Fomento de la Innovaci\u00f3n Empresarial de la Secretar\u00eda de Estado de I+D+I, MINECO, fue el encargado de ponerlo en marcha. Esta certificaci\u00f3n pondr\u00e1 el foco en tres aspectos clave: los recursos de los que disponga la empresa, los procesos que siga y los resultados obtenidos.<br \/> \u00a0<br \/> <strong>Juan Manuel Garrido Moreno<\/strong>, Subdirector General Adjunto de Fomento a\u00a0la Innovaci\u00f3n Empresarial del MINECO, present\u00f3 las ventajas que supondr\u00e1 el Sello para las Pymes en los contratos de demanda de I+D en las empresas, en fiscalidad y en ayudas a la I+D+i. Para ello ser\u00e1 imprescindible demostrar el car\u00e1cter innovador de la empresa.<br \/> \u00a0<br \/> Tambi\u00e9n participaron en la jornada las empresas certificadoras <a href=\\\"http:\/\/www.aenor.es\/aenor\/prensa\/notasdeprensa\/nota.asp?codigo=9606#.VZTywe3tmko\\\" target=\\\"_blank\\\">AENOR<\/a> y <a href=\\\"http:\/\/www.pymeinnovadora.es\/\\\" target=\\\"_blank\\\">EQA<\/a>, quienes comentaron que el proceso de certificaci\u00f3n estar\u00e1 preparado para la autoevaluaci\u00f3n de las propias Pymes.<br \/> \u00a0<br \/> Luis J. Guerra Casanova, del Departamento de Liderazgo Industrial del <a href=\\\"https:\/\/www.cdti.es\/\\\" target=\\\"_blank\\\">CDTI<\/a> del Ministerio de Econom\u00eda y Competitividad, nos present\u00f3 el <a href=\\\"http:\/\/www.eshorizonte2020.es\/\\\" target=\\\"_blank\\\">Instrumento PYME de Horizonte2020<\/a>, un acelerador de mercado. Seg\u00fan Guerra, el 37% de las Pymes tienen elementos de innovaci\u00f3n a nivel europeo pero s\u00f3lo entre el 3% y el 4% consiguen alto crecimiento, por lo que este tipo de subvenciones ayudan a incluir el vector de crecimiento.<br \/> \u00a0<br \/> Como clausura de la jornada,\u00a0 dos emprendedores contaron su experiencia: Jorge Rodelgo, de <strong><a href=\\\"http:\/\/www.iphonedroid.com\/es\/\\\" target=\\\"_blank\\\">Iphonedroid<\/a><\/strong> empresa \u00a0de desarrollo a medida de apps, empresa graduada en del <a href=\\\"\/es\/emprendedores\/espacios-para-emprendedores\/viveros-de-empresas\/Viveros\/ficha\/1d2b603c5ca5d984996cb36e7138fd9d\/\\\">Vivero de Vic\u00e1lvaro<\/a> y Jose Luis Marina, de <strong>TANIWA<\/strong> <strong>Soluciones, SL<\/strong>, empresa alojada en el <a href=\\\"\/es\/emprendedores\/espacios-para-emprendedores\/viveros-de-empresas\/Viveros\/ficha\/4728d57df9ddd693aebc6893018681e3\/\\\">Vivero de Carabanchel<\/a> que desarrolla con su aplicaci\u00f3n <a href=\\\"http:\/\/www.verkami.com\/projects\/4866-mememtum-app-para-pacientes-de-parkinson\\\" target=\\\"_blank\\\">Mememtum<\/a> soluciones e-Health.<br \/> \u00a0<br \/> Para m\u00e1s informaci\u00f3n sobre el <strong>Sello Pyme Innovadora <\/strong>y las presentaciones usadas en el acto, haz click <a href=\\\"\/es\/empresas\/empresas-innovadoras\/sello-pyme-innovadora\\\">aqu\u00ed<\/a>.<\/p>\n<p> Presentaci\u00f3n sobre el <a href=\\\"\/Intranet\/ContenidoAgenda\/InstrumentoPymeHorizon2020_LGC.pdf\\\">Instrumento Pyme de Horizon 2020<\/a><\/p>\n","protected":false},"excerpt":{"rendered":"<p>&#8211; El Vivero de Empresas de Vic\u00e1lvaro escenario de la primera jornada de&#8230;<\/p>\n","protected":false},"featured_media":7003,"template":"","meta":{"_acf_changed":false},"categories":[],"noticias":[],"class_list":["post-7002","noticias","type-noticias","status-publish","has-post-thumbnail","hentry"],"acf":[],"_links":{"self":[{"href":"https:\/\/test.madridemprende.anovagroup.es\/fr\/wp-json\/wp\/v2\/noticias\/7002"}],"collection":[{"href":"https:\/\/test.madridemprende.anovagroup.es\/fr\/wp-json\/wp\/v2\/noticias"}],"about":[{"href":"https:\/\/test.madridemprende.anovagroup.es\/fr\/wp-json\/wp\/v2\/types\/noticias"}],"version-history":[{"count":0,"href":"https:\/\/test.madridemprende.anovagroup.es\/fr\/wp-json\/wp\/v2\/noticias\/7002\/revisions"}],"wp:featuredmedia":[{"embeddable":true,"href":"https:\/\/test.madridemprende.anovagroup.es\/fr\/wp-json\/wp\/v2\/media\/7003"}],"wp:attachment":[{"href":"https:\/\/test.madridemprende.anovagroup.es\/fr\/wp-json\/wp\/v2\/media?parent=7002"}],"wp:term":[{"taxonomy":"category","embeddable":true,"href":"https:\/\/test.madridemprende.anovagroup.es\/fr\/wp-json\/wp\/v2\/categories?post=7002"},{"taxonomy":"noticias","embeddable":true,"href":"https:\/\/test.madridemprende.anovagroup.es\/fr\/wp-json\/wp\/v2\/noticias?post=7002"}],"curies":[{"name":"wp","href":"https:\/\/api.w.org\/{rel}","templated":true}]}}