{"id":7010,"date":"2015-07-14T00:00:00","date_gmt":"2015-07-14T00:00:00","guid":{"rendered":"https:\/\/pre.madridemprende.anovagroup.es\/noticias\/coffee-break-con-rafael-muiz44-creador-de-foromarketing\/"},"modified":"2022-06-08T11:34:51","modified_gmt":"2022-06-08T09:34:51","slug":"coffee-break-con-rafael-muiz44-creador-de-foromarketing","status":"publish","type":"noticias","link":"https:\/\/test.madridemprende.anovagroup.es\/fr\/noticias\/coffee-break-con-rafael-muiz44-creador-de-foromarketing\/","title":{"rendered":"Coffee Break con Rafael Mu\u00f1iz, creador de Foromarketing"},"content":{"rendered":"<p>El martes 14 de julio el <a href=\\\"\/es\/emprendedores\/espacios-para-emprendedores\/viveros-de-empresas\/Viveros\/ficha\/629dbcf35eceda5bdc3635506297bbcf\/\\\">Vivero de Empresas de Villaverde<\/a> acogi\u00f3 un nuevo coffee break. Esta vez el invitado de honor fue <a href=\\\"https:\/\/twitter.com\/rafaelmunizg\\\">Rafael Mu\u00f1iz<\/a>, fundador y presidente de <a href=\\\"http:\/\/www.rmg.es\/\\\">RMG &#038; Asociados<\/a> y creador de <a href=\\\"http:\/\/www.foromarketing.com\/\\\">Foromarketing<\/a>. Experto conferenciante internacional, profesor, gran comunicador, visionario, y primer autor en colgar gratis en la red su libro <a href=\\\"http:\/\/www.marketing-xxi.com\/Marketing-siglo-xxi.html\\\">Marketing en el Siglo XXI<\/a>.<\/p>\n<p> El <a href=\\\"\/es\/emprendedores\/in-formacion-y-networking\/coffee-break\\\">Coffee Break<\/a> consiste en un encuentro con una persona relevante, donde el invitado comparte con los asistentes su experiencia e intenta dar respuesta a todas las dudas que se planteen.<\/p>\n<p> <a href=\\\"https:\/\/twitter.com\/PericoGlezTrobahttps:\/twitter.com\/PericoGlezTroba\\\" target=\\\"_blank\\\">Pedro Gonz\u00e1lez Torroba<\/a>, Director General de Madrid Emprende, fue el encargado de presentar y moderar este encuentro que ha sido uno de los m\u00e1s din\u00e1micos y participativos de las \u00faltimas ediciones.<\/p>\n<p> Durante el coffee \u00a0Rafael dio diversos consejos aprendidos a lo largo de su vida como emprendedor, empresario y experto en marketing. En primer lugar destac\u00f3 la importancia de que la motivaci\u00f3n venga dada por el desarrollo del trabajo desempe\u00f1ado en s\u00ed, y no por los beneficios econ\u00f3micos.<\/p>\n<p> Otro de los temas que sac\u00f3 a relucir fue la problem\u00e1tica de la tendencia de los productos \u201clow cost\u201d que se ha asentado en la econom\u00eda, la cual trae consigo sueldos \u201clow cost\u201d.<\/p>\n<p> Trabajar siempre pensando a corto, medio y largo plazo es otra de las estrategias que, seg\u00fan este emprendedor, ha de marcar siempre la toma de cada una de las decisiones y acciones que se llevan a cabo.<\/p>\n<p> Gonz\u00e1lez Torroba y Mu\u00f1iz hablaron con los asistentes sobre la importancia de saber dar valor a los productos que vendemos, y c\u00f3mo en Espa\u00f1a es para casi todos una asignatura pendiente aunque, precisamente esta modestia, podr\u00eda convertirse en un punto diferenciador.<\/p>\n<p> En varias ocasiones Rafael se\u00f1al\u00f3 que, para <a href=\\\"\/es\/emprendedores\/asesoramiento-a-emprendedores\\\">emprender en Madrid<\/a> debemos tener claro que no nos hayamos en una etapa de cambios, sino en un cambio de etapa, por lo que es fundamental estar atento y saber adaptarse a las caracter\u00edsticas de este nuevo periodo.<\/p>\n<p> Finalmente todos los asistentes compartieron un caf\u00e9 y debatieron sobre todos los temas tratados durante la sesi\u00f3n.<\/p>\n","protected":false},"excerpt":{"rendered":"<p>El martes 14 de julio el Vivero de Empresas de Villaverde acogi\u00f3 un nuevo&#8230;<\/p>\n","protected":false},"featured_media":7011,"template":"","meta":{"_acf_changed":false},"categories":[],"noticias":[],"class_list":["post-7010","noticias","type-noticias","status-publish","has-post-thumbnail","hentry"],"acf":[],"_links":{"self":[{"href":"https:\/\/test.madridemprende.anovagroup.es\/fr\/wp-json\/wp\/v2\/noticias\/7010"}],"collection":[{"href":"https:\/\/test.madridemprende.anovagroup.es\/fr\/wp-json\/wp\/v2\/noticias"}],"about":[{"href":"https:\/\/test.madridemprende.anovagroup.es\/fr\/wp-json\/wp\/v2\/types\/noticias"}],"version-history":[{"count":0,"href":"https:\/\/test.madridemprende.anovagroup.es\/fr\/wp-json\/wp\/v2\/noticias\/7010\/revisions"}],"wp:featuredmedia":[{"embeddable":true,"href":"https:\/\/test.madridemprende.anovagroup.es\/fr\/wp-json\/wp\/v2\/media\/7011"}],"wp:attachment":[{"href":"https:\/\/test.madridemprende.anovagroup.es\/fr\/wp-json\/wp\/v2\/media?parent=7010"}],"wp:term":[{"taxonomy":"category","embeddable":true,"href":"https:\/\/test.madridemprende.anovagroup.es\/fr\/wp-json\/wp\/v2\/categories?post=7010"},{"taxonomy":"noticias","embeddable":true,"href":"https:\/\/test.madridemprende.anovagroup.es\/fr\/wp-json\/wp\/v2\/noticias?post=7010"}],"curies":[{"name":"wp","href":"https:\/\/api.w.org\/{rel}","templated":true}]}}