{"id":7012,"date":"2015-07-22T00:00:00","date_gmt":"2015-07-22T00:00:00","guid":{"rendered":"https:\/\/pre.madridemprende.anovagroup.es\/noticias\/nuevo-programa-de-emprendimiento-femenino-en-sectores-econmicos-emergentes-2\/"},"modified":"2022-06-08T11:34:51","modified_gmt":"2022-06-08T09:34:51","slug":"nuevo-programa-de-emprendimiento-femenino-en-sectores-econmicos-emergentes-2","status":"publish","type":"noticias","link":"https:\/\/test.madridemprende.anovagroup.es\/fr\/noticias\/nuevo-programa-de-emprendimiento-femenino-en-sectores-econmicos-emergentes-2\/","title":{"rendered":"Nuevo programa de emprendimiento femenino en sectores econ\u00f3micos emergentes"},"content":{"rendered":"<p>El pasado 22 de julio se present\u00f3 en la <a href=\\\"https:\/\/www.camaramadrid.es\/\\\">C\u00e1mara de Madrid<\/a> la nueva edici\u00f3n de Emprendimiento Femenino en Sectores Econ\u00f3micos Emergentes y Nuevas Oportunidades de Mercado en Madrid, con el objetivo de desarrollar proyectos que promuevan la igualdad entre hombres y mujeres en el mercado laboral y el emprendimiento femenino.<\/p>\n<p> La sesi\u00f3n fue dirigida por <strong>Maite Gonz\u00e1lez<\/strong>, de la <a href=\\\"http:\/\/www.incyde.org\/index\\\">Fundaci\u00f3n Incyde<\/a>, y en ella quiso transmitir c\u00f3mo la formaci\u00f3n es el mejor aliado para quien quiere tener \u00e9xito en su negocio. En esta jornada se ofrecieron pautas sobre c\u00f3mo aprovechar al m\u00e1ximo las posibilidades que el entorno de Madrid ofrece, la importancia del esp\u00edritu emprendedor y de los sectores emergentes, as\u00ed como del plan de negocio y la innovaci\u00f3n y generaci\u00f3n de ideas.<\/p>\n<p> <a href=\\\"\/es\\\">Madrid Emprende<\/a> vuelve a realizar junto a la Fundaci\u00f3n Incyde y la C\u00e1mara Oficial de Comercio, Industria y Servicios de Madrid, el desarrollo del proyecto de emprendimiento femenino financiado por el Fondo Social Europeo, a trav\u00e9s de un Memor\u00e1ndum de Acuerdo entre el Reino de Noruega, el Principado de Lienchtenstein, Islandia y el Reino de Espa\u00f1a, en el marco del programa de Igualdad de G\u00e9nero y Conciliaci\u00f3n de la vida laboral y Familiar, en colaboraci\u00f3n con el Ministerio de Sanidad, Servicios Sociales e Igualdad.<br \/> \u00a0<br \/> El programa presentado en esta jornada tendr\u00e1 una duraci\u00f3n de ocho semanas, comenzando en septiembre de 2015, y buscar\u00e1 incrementar la actividad emprendedora femenina en sectores emergentes con alto potencial, consolidar a las empresarias ya existentes en dichos sectores, desarrollar programas de formaci\u00f3n y apoyar y facilitar el acceso a la financiaci\u00f3n para la creaci\u00f3n y desarrollo de sus empresas.<\/p>\n","protected":false},"excerpt":{"rendered":"<p>El pasado 22 de julio se present\u00f3 en la C\u00e1mara de Madrid la nueva edici\u00f3n&#8230;<\/p>\n","protected":false},"featured_media":7013,"template":"","meta":{"_acf_changed":false},"categories":[],"noticias":[],"class_list":["post-7012","noticias","type-noticias","status-publish","has-post-thumbnail","hentry"],"acf":[],"_links":{"self":[{"href":"https:\/\/test.madridemprende.anovagroup.es\/fr\/wp-json\/wp\/v2\/noticias\/7012"}],"collection":[{"href":"https:\/\/test.madridemprende.anovagroup.es\/fr\/wp-json\/wp\/v2\/noticias"}],"about":[{"href":"https:\/\/test.madridemprende.anovagroup.es\/fr\/wp-json\/wp\/v2\/types\/noticias"}],"version-history":[{"count":0,"href":"https:\/\/test.madridemprende.anovagroup.es\/fr\/wp-json\/wp\/v2\/noticias\/7012\/revisions"}],"wp:featuredmedia":[{"embeddable":true,"href":"https:\/\/test.madridemprende.anovagroup.es\/fr\/wp-json\/wp\/v2\/media\/7013"}],"wp:attachment":[{"href":"https:\/\/test.madridemprende.anovagroup.es\/fr\/wp-json\/wp\/v2\/media?parent=7012"}],"wp:term":[{"taxonomy":"category","embeddable":true,"href":"https:\/\/test.madridemprende.anovagroup.es\/fr\/wp-json\/wp\/v2\/categories?post=7012"},{"taxonomy":"noticias","embeddable":true,"href":"https:\/\/test.madridemprende.anovagroup.es\/fr\/wp-json\/wp\/v2\/noticias?post=7012"}],"curies":[{"name":"wp","href":"https:\/\/api.w.org\/{rel}","templated":true}]}}