{"id":7022,"date":"2015-10-08T00:00:00","date_gmt":"2015-10-08T00:00:00","guid":{"rendered":"https:\/\/pre.madridemprende.anovagroup.es\/noticias\/campaa-de-radio-en-los-mercados-municipales-de-madrid\/"},"modified":"2022-06-08T11:28:06","modified_gmt":"2022-06-08T09:28:06","slug":"campaa-de-radio-en-los-mercados-municipales-de-madrid","status":"publish","type":"noticias","link":"https:\/\/test.madridemprende.anovagroup.es\/fr\/noticias\/campaa-de-radio-en-los-mercados-municipales-de-madrid\/","title":{"rendered":"Campa\u00f1a de Radio en los Mercados Municipales de Madrid"},"content":{"rendered":"<p>Desde el pasado mes de septiembre se ha llevado a cabo una campa\u00f1a de promoci\u00f3n en radio de los mercados municipales de Madrid desarrollada por <a href=\\\"http:\/\/www.comerciomadrid.org\/\\\">COCAM<\/a>\u00a0(Federaci\u00f3n de Comercio Agrupado y Mercados de Madrid) contando con la colaboraci\u00f3n de Ayuntamiento de Madrid a trav\u00e9s de la \u00a0<a href=\\\"\/es\\\">Direcci\u00f3n de Comercio, Emprendimiento e Innovaci\u00f3n<\/a>.<\/p>\n<p>Durante los d\u00edas 24 de septiembre &#8211; <a href=\\\"http:\/\/www.madrid.es\/portales\/munimadrid\/es\/Samur\/Mercado-Municipal-de-Villa-de-Vallecas?vgnextfmt=default&#038;vgnextoid=b6cb72081661c010VgnVCM1000000b205a0aRCRD&#038;vgnextchannel=84516c77e7d2f010VgnVCM1000000b205a0aRCRD&#038;idioma=es&#038;idiomaPrevio=es\\\">Mercado Municipal de Villa de Vallecas<\/a>\u00a0-1 de octubre \u2013, <a href=\\\"https:\/\/www.facebook.com\/Mercado-Jes%C3%BAs-Del-Gran-Poder-239553576208802\/timeline\/\\\">Mercado Municipal de \u00a0Jes\u00fas del Gran Poder<\/a>&#8211; y 8 de octubre &#8211;<a href=\\\"http:\/\/mercadosantaeugenia.eu\/\\\">Mercado Municipal de Santa Eugenia<\/a>&#8211; se ha emitido el programa de actualidad <a href=\\\"http:\/\/www.cope.es\/player\/La-Manana-en-Cope-Madrid-con-Pilar-Cisneros-jueves-8-octubre-2015&#038;id=2015100911420002&#038;activo=10\\\">\u201cLa ma\u00f1ana de Madrid\u201d de la COPE<\/a>, presentado por Pilar Cisneros, en directo desde los Mercados. En estas emisiones se ha contado con nutricionistas, deportistas, cocineros, etc. para hablar sobre los Mercados Municipales de Madrid y todas las oportunidades que \u00e9stos ofrecen.<\/p>\n<p>En la \u00faltima jornada de emisi\u00f3n en directo realizada desde el Mercado de Santa Eugenia, la Directora General de Comercio, Emprendimiento e Innovaci\u00f3n, Concha D\u00edaz de Villegas, particip\u00f3 como invitada y cont\u00f3 a los oyentes las grandes oportunidades que ofrecen los mercados.<\/p>\n<p>En Madrid existen 46 Mercados Municipales, siendo la red m\u00e1s extensa de toda Espa\u00f1a. De hecho, 17 de los 21 distritos de la capital cuentan con Mercados \u00a0Municipales ubicados en su eje comercial. \u00a0Como coment\u00f3 D\u00edaz de Villegas \u201c<em>Los mercados municipales son un polo de atracci\u00f3n. Son la verdadera locomotora del eje comercial. Son tendencia, un tendencia que no va a pasar de moda\u201d.<\/em><\/p>\n<p>La Directora General de Comercio, Emprendimiento e Innovaci\u00f3n del Ayuntamiento de Madrid reconoci\u00f3 el gran valor que representan los profesionales y comerciantes que hay en los Mercados Municipales. De hecho, la mayor\u00eda de los Mercados Municipales est\u00e1n gestionados por los propios comerciantes constituidos en asociaci\u00f3n y en r\u00e9gimen de concesi\u00f3n administrativas. Como destac\u00f3 D\u00edaz de Villegas, los Mercados Municipales constituyen <em>\u201cun verdadero espacio de co-working<\/em>\u201d. Ahora hay que afrontar el gran reto de atraer a los consumidores a los Mercado y superar el reto de rejuvenecer la clientela, adapt\u00e1ndose a los nuevos h\u00e1bitos de consumo, \u201c<em>manteniendo su esencia pero adapt\u00e1ndose<\/em>\u201d.<\/p>\n<p>El <a href=\\\"http:\/\/www.madrid.es\/\\\">Ayuntamiento de Madrid <\/a>apuesta por los Mercados Municipales como punto de encuentro, de informaci\u00f3n y cultura gastron\u00f3mica, un lugar estupendo para el emprendimiento, ofreciendo\u00a0 oportunidades para iniciar un negocio, tanto con f\u00f3rmulas tradicionales como innovadoras.<\/p>\n<ul>\n<li>Si lo deseas, puedes escuchar el programa pulsando\u00a0<a href=\\\"http:\/\/www.cope.es\/player\/La-Manana-en-Cope-Madrid-con-Pilar-Cisneros-jueves-8-octubre-2015&#038;id=2015100911420002&#038;activo=10\\\">aqu\u00ed<\/a><\/li>\n<\/ul>\n<p>\u00a0<\/p>\n","protected":false},"excerpt":{"rendered":"<p>Desde el pasado mes de septiembre se ha llevado a cabo una campa\u00f1a de&#8230;<\/p>\n","protected":false},"featured_media":7023,"template":"","meta":{"_acf_changed":false},"categories":[],"noticias":[],"class_list":["post-7022","noticias","type-noticias","status-publish","has-post-thumbnail","hentry"],"acf":[],"_links":{"self":[{"href":"https:\/\/test.madridemprende.anovagroup.es\/fr\/wp-json\/wp\/v2\/noticias\/7022"}],"collection":[{"href":"https:\/\/test.madridemprende.anovagroup.es\/fr\/wp-json\/wp\/v2\/noticias"}],"about":[{"href":"https:\/\/test.madridemprende.anovagroup.es\/fr\/wp-json\/wp\/v2\/types\/noticias"}],"version-history":[{"count":0,"href":"https:\/\/test.madridemprende.anovagroup.es\/fr\/wp-json\/wp\/v2\/noticias\/7022\/revisions"}],"wp:featuredmedia":[{"embeddable":true,"href":"https:\/\/test.madridemprende.anovagroup.es\/fr\/wp-json\/wp\/v2\/media\/7023"}],"wp:attachment":[{"href":"https:\/\/test.madridemprende.anovagroup.es\/fr\/wp-json\/wp\/v2\/media?parent=7022"}],"wp:term":[{"taxonomy":"category","embeddable":true,"href":"https:\/\/test.madridemprende.anovagroup.es\/fr\/wp-json\/wp\/v2\/categories?post=7022"},{"taxonomy":"noticias","embeddable":true,"href":"https:\/\/test.madridemprende.anovagroup.es\/fr\/wp-json\/wp\/v2\/noticias?post=7022"}],"curies":[{"name":"wp","href":"https:\/\/api.w.org\/{rel}","templated":true}]}}