{"id":7048,"date":"2015-11-27T00:00:00","date_gmt":"2015-11-27T00:00:00","guid":{"rendered":"https:\/\/pre.madridemprende.anovagroup.es\/noticias\/recibe-un-impulso-emprendedor-en-el-v-congreso-iniciador\/"},"modified":"2022-06-08T11:28:03","modified_gmt":"2022-06-08T09:28:03","slug":"recibe-un-impulso-emprendedor-en-el-v-congreso-iniciador","status":"publish","type":"noticias","link":"https:\/\/test.madridemprende.anovagroup.es\/fr\/noticias\/recibe-un-impulso-emprendedor-en-el-v-congreso-iniciador\/","title":{"rendered":"Recibe un impulso emprendedor en el V Congreso Iniciador"},"content":{"rendered":"<p>El Ayuntamiento de Madrid con la colaboraci\u00f3n de administraciones, universidades, grandes empresas, escuelas de negocio y entidades de la sociedad civil, lleva m\u00e1s de diez a\u00f1os ofreciendo un apoyo integral al emprendedor, que abarca todos los aspectos relacionados con la puesta en marcha de la empresa y su posterior crecimiento.\u00a0Por ello, a trav\u00e9s de la Direcci\u00f3n General de Comercio y Emprendimiento,colabora en el <a href=\\\"http:\/\/www.iniciador.com\/es\/congreso\/\\\">V Congreso de Emprendedores Iniciador <\/a>, que se celebrar\u00e1 el pr\u00f3ximo <strong>9 de diciembre<\/strong> de 10:00 a 18:00 h en la sede de Next International Business School (Colegio de ingenieros de Caminos, Canales y Puertos de Madrid: Calle de Almagro, 42, 28010, Madrid).<\/p>\n<p>La <strong>Fundaci\u00f3n Iniciador<\/strong>es una entidad sin \u00e1nimo de lucro que lleva m\u00e1s de ocho\u00a0 a\u00f1os promoviendo el emprendimiento en Espa\u00f1a y ayudando a las personas que desean introducirse en el mundo del emprendimiento. Fieles a su objetivo de ayudar a los \u201ciniciadores\u201d organiza este congreso que contar\u00e1 con distintos tipos de actividades: talleres pr\u00e1cticos sobre marketing digital, coaching empresarial, Lean Startup e Internacionalizaci\u00f3n, ponencias, mesas redondas y entrevistas. Adem\u00e1s, de sesiones exclusivamente de networking.<\/p>\n<p><strong>Sobre los ponentes<\/strong><\/p>\n<p>Una de las principales ponencias la llevar\u00e1 a cabo <strong>Nicol\u00e1s Luca de Tena<\/strong>, quien contar\u00e1 c\u00f3mo ha sido su trayectoria profesional pasando de \u201ciniciador\u201d a emprendedor y posteriormente, inversor. Otro de los inversores participantes ser\u00e1 <a href=\\\"https:\/\/www.linkedin.com\/in\/javiermegiasterol\/es\\\">Javier Meg\u00edas<\/a>, quien hablar\u00e1 sobre cu\u00e1les son los proyectos m\u00e1s atractivos para los inversores.\u00a0 <strong>Job&#038;Talent<\/strong> ha sido protagonista de algunas de las rondas de financiaci\u00f3n m\u00e1s importantes de nuestro pa\u00eds. Su co-fundador, <a href=\\\"https:\/\/es.linkedin.com\/in\/felipenavio\\\">Felipe Nav\u00edo<\/a>, nos contar\u00e1 cu\u00e1les han sido las claves de su \u00e9xito.<\/p>\n<p>Adem\u00e1s, <a href=\\\"https:\/\/es.linkedin.com\/in\/felix-lozano-4a88a95b\\\">F\u00e9lix Lozano<\/a>, co-fundador y CEO de <strong>Teamlabs<\/strong> hablar\u00e1 de la empresa como un espacio de aprendizaje. Tambi\u00e9n habr\u00e1 mesas redondas en las que se hablar\u00e1 de c\u00f3mo aprovechar las nuevas tecnolog\u00edas para crear nuevos modelos de negocio o de los fallos habituales de los emprendedores a la hora de vender su idea. Precisamente, a la hora de vender esa idea, es muy importante c\u00f3mo comunicar el proyecto. <a href=\\\"https:\/\/www.linkedin.com\/in\/manuelcampovidal\\\">Manuel Campo Vidal<\/a> dar\u00e1 las claves para hacerlo con \u00e9xito.<\/p>\n<p>Otra de las tem\u00e1ticas que trataremos ser\u00e1 la <strong>econom\u00eda colaborativa<\/strong>, que se ha hecho con un importante hueco en el mercado. En el Congreso participar\u00e1n algunos de los proyectos m\u00e1s innovadores en este sector. Adem\u00e1s, contaremos con <a href=\\\"https:\/\/es.linkedin.com\/in\/albert-bosch-01a75015\\\">Albert Bosch<\/a>, aventurero que ha cruzado la Ant\u00e1rtida, el 98% en solitario, en su ponencia, nos contar\u00e1 por qu\u00e9 emprender es la mayor aventura del mundo.<\/p>\n<p><strong>Concurso de Ideas Iniciador<br \/><\/strong>Como gran novedad, este a\u00f1o se celebrar\u00e1 el\u00a0<a href=\\\"http:\/\/www.iniciador.com\/es\/congreso\/concurso-de-ideas\\\">Concurso de Ideas Iniciador<\/a>, en el que distintos emprendedores presentar\u00e1n sus proyectos o ideas ante todo el p\u00fablico asistente y ante un jurado compuesto por varios expertos. Adem\u00e1s de recibir la opini\u00f3n de emprendedores o inversores de gran \u00e9xito, el ganador recibir\u00e1 de premio una beca para el <a href=\\\"http:\/\/www.nextibs.com\/programas\/masters\/master-internacional-de-creacion-y-aceleracion-de-empresas-micae\\\">M\u00e1ster Internacional de Creaci\u00f3n y Aceleraci\u00f3n de Empresas\u00a0 (MICAE)<\/a>\u00a0en la Next International Business School en la modalidad online, valorado en 6.000\u20ac.<\/p>\n<p><strong>Campa\u00f1a de Crowdfunding<\/strong><\/p>\n<p>Para asistir al V Congreso de Emprendedores Iniciador hay que participar en la\u00a0<a href=\\\"http:\/\/www.lanzanos.com\/proyectos\/v-congreso-de-emprendedores-iniciador-2015\/\\\">Campa\u00f1a de Crowdfunding<\/a> que cuenta con un sistema de recompensas para quien invierta en el proyecto, que var\u00edan\u00a0 en funci\u00f3n de la cuant\u00eda.\u00a0 Todo lo recaudado ir\u00e1 destinado en exclusiva a cubrir los gastos del evento.<\/p>\n","protected":false},"excerpt":{"rendered":"<p>El Ayuntamiento de Madrid con la colaboraci\u00f3n de administraciones,&#8230;<\/p>\n","protected":false},"featured_media":7049,"template":"","meta":{"_acf_changed":false},"categories":[],"noticias":[],"class_list":["post-7048","noticias","type-noticias","status-publish","has-post-thumbnail","hentry"],"acf":[],"_links":{"self":[{"href":"https:\/\/test.madridemprende.anovagroup.es\/fr\/wp-json\/wp\/v2\/noticias\/7048"}],"collection":[{"href":"https:\/\/test.madridemprende.anovagroup.es\/fr\/wp-json\/wp\/v2\/noticias"}],"about":[{"href":"https:\/\/test.madridemprende.anovagroup.es\/fr\/wp-json\/wp\/v2\/types\/noticias"}],"version-history":[{"count":0,"href":"https:\/\/test.madridemprende.anovagroup.es\/fr\/wp-json\/wp\/v2\/noticias\/7048\/revisions"}],"wp:featuredmedia":[{"embeddable":true,"href":"https:\/\/test.madridemprende.anovagroup.es\/fr\/wp-json\/wp\/v2\/media\/7049"}],"wp:attachment":[{"href":"https:\/\/test.madridemprende.anovagroup.es\/fr\/wp-json\/wp\/v2\/media?parent=7048"}],"wp:term":[{"taxonomy":"category","embeddable":true,"href":"https:\/\/test.madridemprende.anovagroup.es\/fr\/wp-json\/wp\/v2\/categories?post=7048"},{"taxonomy":"noticias","embeddable":true,"href":"https:\/\/test.madridemprende.anovagroup.es\/fr\/wp-json\/wp\/v2\/noticias?post=7048"}],"curies":[{"name":"wp","href":"https:\/\/api.w.org\/{rel}","templated":true}]}}