{"id":7056,"date":"2015-12-03T00:00:00","date_gmt":"2015-12-03T00:00:00","guid":{"rendered":"https:\/\/pre.madridemprende.anovagroup.es\/noticias\/entrega-de-los-premioscomprendedor2015\/"},"modified":"2022-06-08T11:28:02","modified_gmt":"2022-06-08T09:28:02","slug":"entrega-de-los-premioscomprendedor2015","status":"publish","type":"noticias","link":"https:\/\/test.madridemprende.anovagroup.es\/fr\/noticias\/entrega-de-los-premioscomprendedor2015\/","title":{"rendered":"Entrega de los #PremiosComprendedor2015"},"content":{"rendered":"<p><span style=\\\"font-family: tahoma, arial, helvetica, sans-serif; font-size: 10pt;\\\"><span style=\\\"font-family: tahoma, arial, helvetica, sans-serif; font-size: 10pt;\\\"><span style=\\\"font-family: tahoma, arial, helvetica, sans-serif; font-size: 10pt;\\\">Los Premios Comprendedor 2015 se entregar\u00e1n el<strong> lunes 14 de diciembre a las 19:00<\/strong> en el <a href=\\\"https:\/\/www.google.pl\/maps\/dir\/40.4324693,-3.6912843\/@40.432582,-3.6956372,16z\/data=!3m1!4b1!4m2!4m1!3e1\\\" target=\\\"_blank\\\">auditorio de Mutua Madrile\u00f1a en Madrid<\/a>. <\/p>\n<p>Estos premios est\u00e1n convocados por la <a href=\\\"http:\/\/www.empresaysociedad.org\/\\\" target=\\\"_blank\\\">Fundaci\u00f3n Empresa y Sociedad<\/a>\u00a0y cuentan con la colaboraci\u00f3n del Ayuntamiento de Madrid, a trav\u00e9s de la Direcci\u00f3n General de Comercio y Emprendimiento. El acto estar\u00e1 dirigido por la magia, el humor y la ilusi\u00f3n de Jorge Blass. <\/p>\n<p>Los ganadores se har\u00e1n p\u00fablicos en el propio evento, junto con la composici\u00f3n del jurado, que tom\u00f3 su decisi\u00f3n en la reuni\u00f3n que se celebr\u00f3 el pasado 30 de septiembre. <\/p>\n<p><\/span><\/span>Los Premios se convocaron en tres modalidades: <\/span><\/p>\n<ol>\n<li><span style=\\\"font-family: tahoma, arial, helvetica, sans-serif; font-size: 10pt;\\\">Emprendedor Comprendedor, al emprendedor B2B que haya experimentado un mayor crecimiento en clientes empresariales desde su inicio.<\/span><\/li>\n<li><span style=\\\"font-family: tahoma, arial, helvetica, sans-serif; font-size: 10pt;\\\">Emprendedor Comprendedor Promesa, al que tenga el producto con mayor potencial de venta a empresas.<\/span><\/li>\n<li><span style=\\\"font-family: tahoma, arial, helvetica, sans-serif; font-size: 10pt;\\\">Empresa Comprendedora, a la empresa que mejor haya desarrollado la relaci\u00f3n cliente-proveedor durante los primeros a\u00f1os de uno o varios emprendedores.\u00a0<\/span><\/li>\n<\/ol>\n<p><span style=\\\"font-family: tahoma, arial, helvetica, sans-serif; font-size: 10pt;\\\"><span style=\\\"font-family: tahoma, arial, helvetica, sans-serif; font-size: 10pt;\\\"><br \/>Los Premios Comprendedor 2015 son una iniciativa colaborativa en la que participan:<a href=\\\"http:\/\/www.madridemprende.com\/\\\">Ayuntamiento de Madrid<\/a>\u00a0\/\u00a0<a href=\\\"http:\/\/www.damm.es\/wps\/portal\/webdamm?WCM_GLOBAL_CONTEXT=\/wps\/wcm\/connect\/migratewcm_1\/WebPublica\/FundacionDamm\\\">Fundaci\u00f3 Damm<\/a>\u00a0\/\u00a0<a href=\\\"http:\/\/www.elcorteingles.es\/informacioncorporativa\/elcorteinglescorporativo\/portal.do?IDM=24&#038;NM=1\\\">El Corte Ingl\u00e9s<\/a>\u00a0\/\u00a0<a href=\\\"http:\/\/www.grupomutua.es\/corporativa\/\\\">Mutua Madrile\u00f1a<\/a>\u00a0\/\u00a0<a href=\\\"http:\/\/www.onzacapital.com\/\\\">Onza Capital<\/a>\u00a0\/\u00a0<a href=\\\"http:\/\/www.abest.es\/\\\">aBest Innovaci\u00f3n Social<\/a>\u00a0\/\u00a0<a href=\\\"http:\/\/www.sorensen.es\/es\/\\\">S\u00f6rensen<\/a>\u00a0\/\u00a0<a href=\\\"http:\/\/www.kreab.com\/madrid\/es\/\\\">Kreab<\/a>\u00a0\/\u00a0<a href=\\\"http:\/\/www.activecompass.es\/\\\">Active Compass<\/a>\u00a0\/\u00a0<a href=\\\"http:\/\/www.corresponsables.com\/\\\">Corresponsables<\/a>\u00a0\/\u00a0<a href=\\\"http:\/\/www.efeemprende.com\/\\\">EFE Emprende<\/a>\u00a0\/\u00a0<a href=\\\"http:\/\/xn--espaasemueve-dhb.es\/\\\">Espa\u00f1a se Mueve<\/a>\u00a0\/\u00a0<a href=\\\"http:\/\/www.tendencias21.net\/\\\">Tendencias21<\/a>\u00a0\/\u00a0<a href=\\\"http:\/\/www.icemd.com\/\\\">ICEMD, de ESIC<\/a>\u00a0\/\u00a0<a href=\\\"http:\/\/casos.empresaysociedad.org\/\\\">amigos de Empresa y Sociedad<\/a><br \/><\/span><\/span><span style=\\\"font-family: tahoma, arial, helvetica, sans-serif; font-size: 10pt;\\\"><br \/>La entrada al acto de entrega es libre previa inscripci\u00f3n. Inscr\u00edbete <a href=\\\"https:\/\/docs.google.com\/forms\/d\/1cjbgo8ZtYqqwBtJEl7rhfiLWlHU_jx45_wmJGRmRWCU\/viewform\\\" target=\\\"_blank\\\">pinchando aqu\u00ed<\/a>.<\/span><\/p>\n","protected":false},"excerpt":{"rendered":"<p>Los Premios Comprendedor 2015 se entregar\u00e1n el lunes 14 de diciembre a las&#8230;<\/p>\n","protected":false},"featured_media":7057,"template":"","meta":{"_acf_changed":false},"categories":[],"noticias":[],"class_list":["post-7056","noticias","type-noticias","status-publish","has-post-thumbnail","hentry"],"acf":[],"_links":{"self":[{"href":"https:\/\/test.madridemprende.anovagroup.es\/fr\/wp-json\/wp\/v2\/noticias\/7056"}],"collection":[{"href":"https:\/\/test.madridemprende.anovagroup.es\/fr\/wp-json\/wp\/v2\/noticias"}],"about":[{"href":"https:\/\/test.madridemprende.anovagroup.es\/fr\/wp-json\/wp\/v2\/types\/noticias"}],"version-history":[{"count":0,"href":"https:\/\/test.madridemprende.anovagroup.es\/fr\/wp-json\/wp\/v2\/noticias\/7056\/revisions"}],"wp:featuredmedia":[{"embeddable":true,"href":"https:\/\/test.madridemprende.anovagroup.es\/fr\/wp-json\/wp\/v2\/media\/7057"}],"wp:attachment":[{"href":"https:\/\/test.madridemprende.anovagroup.es\/fr\/wp-json\/wp\/v2\/media?parent=7056"}],"wp:term":[{"taxonomy":"category","embeddable":true,"href":"https:\/\/test.madridemprende.anovagroup.es\/fr\/wp-json\/wp\/v2\/categories?post=7056"},{"taxonomy":"noticias","embeddable":true,"href":"https:\/\/test.madridemprende.anovagroup.es\/fr\/wp-json\/wp\/v2\/noticias?post=7056"}],"curies":[{"name":"wp","href":"https:\/\/api.w.org\/{rel}","templated":true}]}}