{"id":7066,"date":"2015-12-10T00:00:00","date_gmt":"2015-12-10T00:00:00","guid":{"rendered":"https:\/\/pre.madridemprende.anovagroup.es\/noticias\/entregados-los-premios-de-la-economa-social\/"},"modified":"2022-06-08T11:28:01","modified_gmt":"2022-06-08T09:28:01","slug":"entregados-los-premios-de-la-economa-social","status":"publish","type":"noticias","link":"https:\/\/test.madridemprende.anovagroup.es\/fr\/noticias\/entregados-los-premios-de-la-economa-social\/","title":{"rendered":"Entregados los Premios de la Econom\u00eda Social"},"content":{"rendered":"<p>Este\u00a0jueves 10 de diciembre ha tenido lugar el acto de entrega del <strong>Premio de la Econom\u00eda Social de la Direcci\u00f3n General de Comercio y Emprendimiento<\/strong>, por el que se reconoce el talento empresarial presente en la <a href=\\\"\/es\/emprendedores\/espacios-para-emprendedores\/viveros-de-empresas\\\">Red de Viveros de Empresas<\/a> de la ciudad de Madrid y los usuarios de los servicios de la Direcci\u00f3n General de Comercio y Emprendimiento.<\/p>\n<p>En esta V edici\u00f3n, celebrada en la sede de Pr\u00edncipe de Vergara 140, la Directora General de Comercio y Emprendimiento, Concha D\u00edaz de Villegas, ha hecho entrega a los finalistas de la \u201ce\u201d emprendedora y ha mantenido una entrevista personal con cada uno de ellos, en la que han podido intercambiar experiencias,<\/p>\n<p>Este a\u00f1o han sido galardonadas tres empresas ubicadas en el <a href=\\\"\/es\/emprendedores\/espacios-para-emprendedores\/viveros-de-empresas\/Viveros\/ficha\/4728d57df9ddd693aebc6893018681e3\/\\\">Vivero de Empresas de Carabanchel<\/a>, las cuales han apostado por la viabilidad econ\u00f3mica, la innovaci\u00f3n y las buenas pr\u00e1cticas:<\/p>\n<p>&#8211; <a href=\\\"http:\/\/www.asesores-olmain.es\/\\\"><strong>Asesores Olmain, SLL<\/strong><\/a><\/p>\n<p>Asesoria especializada en la gesti\u00f3n fiscal, contable, laboral y jur\u00eddica de empresas, as\u00ed como en cualquier otra gesti\u00f3n privada, relacionada con las Administraciones P\u00fablicas. En estos dos a\u00f1os en el Vivero, han compatibilizado la explotaci\u00f3n de la actividad con formaci\u00f3n especializada. Adem\u00e1s, han incorporado herramientas tecnol\u00f3gicas como la nube, para facilitar el acceso a la informaci\u00f3n a sus clientes.<\/p>\n<p><strong>&#8211; <\/strong><a href=\\\"http:\/\/www.ingenyser.es\/\\\"><strong>Ingenyser, Proyectos de Ingenier\u00eda<\/strong><\/a><\/p>\n<p>Empresa de servicios de ingenier\u00eda, investigaci\u00f3n, desarrollo e innovaci\u00f3n, control de calidad y representaci\u00f3n y comercializaci\u00f3n. Su estrategia comercial se basa en la calidad de los servicios, experiencia del equipo de trabajo y capacidad de respuesta ante los retos planteados.<\/p>\n<p><strong>&#8211; <\/strong><a href=\\\"http:\/\/www.idealos.es\/\\\"><strong>Idealos<\/strong><\/a><\/p>\n<p>Idealos consultor\u00eda desarrolla una visi\u00f3n de la arquitectura adaptada a nuestros tiempos, teniendo como principal objetivo la construcci\u00f3n sostenible y eficiente energ\u00e9ticamente. Los socios promotores poseen gran formaci\u00f3n y experiencia y desarrollan la actividad internacionalmente. Ofrecen, como novedad en el sector, una tarifa plana de contrataci\u00f3n que permite establecer una relaci\u00f3n duradera con sus clientes y favorece un ahorro en el precio de contrataci\u00f3n.<\/p>\n<p><center><iframe src=\\\"https:\/\/www.youtube.com\/embed\/Z47Ub9QG5dQ\\\" width=\\\"560\\\" height=\\\"315\\\" frameborder=\\\"0\\\" allowfullscreen=\\\"\\\"><\/iframe><\/center><\/p>\n","protected":false},"excerpt":{"rendered":"<p>Este\u00a0jueves 10 de diciembre ha tenido lugar el acto de entrega del Premio&#8230;<\/p>\n","protected":false},"featured_media":7067,"template":"","meta":{"_acf_changed":false},"categories":[],"noticias":[],"class_list":["post-7066","noticias","type-noticias","status-publish","has-post-thumbnail","hentry"],"acf":[],"_links":{"self":[{"href":"https:\/\/test.madridemprende.anovagroup.es\/fr\/wp-json\/wp\/v2\/noticias\/7066"}],"collection":[{"href":"https:\/\/test.madridemprende.anovagroup.es\/fr\/wp-json\/wp\/v2\/noticias"}],"about":[{"href":"https:\/\/test.madridemprende.anovagroup.es\/fr\/wp-json\/wp\/v2\/types\/noticias"}],"version-history":[{"count":0,"href":"https:\/\/test.madridemprende.anovagroup.es\/fr\/wp-json\/wp\/v2\/noticias\/7066\/revisions"}],"wp:featuredmedia":[{"embeddable":true,"href":"https:\/\/test.madridemprende.anovagroup.es\/fr\/wp-json\/wp\/v2\/media\/7067"}],"wp:attachment":[{"href":"https:\/\/test.madridemprende.anovagroup.es\/fr\/wp-json\/wp\/v2\/media?parent=7066"}],"wp:term":[{"taxonomy":"category","embeddable":true,"href":"https:\/\/test.madridemprende.anovagroup.es\/fr\/wp-json\/wp\/v2\/categories?post=7066"},{"taxonomy":"noticias","embeddable":true,"href":"https:\/\/test.madridemprende.anovagroup.es\/fr\/wp-json\/wp\/v2\/noticias?post=7066"}],"curies":[{"name":"wp","href":"https:\/\/api.w.org\/{rel}","templated":true}]}}