{"id":7086,"date":"2016-02-08T00:00:00","date_gmt":"2016-02-08T00:00:00","guid":{"rendered":"https:\/\/pre.madridemprende.anovagroup.es\/noticias\/el-mercado-de-la-paz-celebra-el-i-da-del-frutero\/"},"modified":"2022-06-08T11:27:59","modified_gmt":"2022-06-08T09:27:59","slug":"el-mercado-de-la-paz-celebra-el-i-da-del-frutero","status":"publish","type":"noticias","link":"https:\/\/test.madridemprende.anovagroup.es\/fr\/noticias\/el-mercado-de-la-paz-celebra-el-i-da-del-frutero\/","title":{"rendered":"El Mercado de la Paz celebra el I \u2018D\u00eda del Frutero\u2019"},"content":{"rendered":"<p>La iniciativa que parte de la Asociaci\u00f3n de Productores Hortofruct\u00edcolas del Valle de Venosta, y que cuenta no s\u00f3lo con el apoyo institucional de la Direcci\u00f3n General de Comercio y Emprendimiento del Ayuntamiento de Madrid y de la Direcci\u00f3n General de Comercio Interior del Ministerio de Econom\u00eda y Competitividad, sino tambi\u00e9n con el de diversas asociaciones profesionales, ha pretendido reivindicar el protagonismo del sector de la venta de fruta.<\/p>\n<p>Espa\u00f1a figura como el segundo consumidor mundial de fruta y verdura. La Encuesta Anual de Comercio del INE refleja que la venta de fruta genera alrededor de 160.000 empleos declarados entre comercio al por mayor y al por menor, sin tener en cuenta las grandes superficies.<\/p>\n<p>La <a href=\\\"\/es\\\">Direcci\u00f3n General de Comercio y Emprendimiento<\/a> del <a href=\\\"http:\/\/www.madrid.es\/portales\/munimadrid\/es\/Inicio?vgnextfmt=default&#038;vgnextchannel=1ccd566813946010VgnVCM100000dc0ca8c0RCRD\\\">Ayuntamiento de Madrid<\/a> y <a href=\\\"http:\/\/www.comercio.gob.es\/es-ES\/comercio-interior\/Paginas\/Comercio-Interior.aspx\\\">Direcci\u00f3n General de Comercio Interior del Ministerio de Econom\u00eda y Competitividad<\/a>, as\u00ed como distintas asociaciones profesionales del sector como COEMFE, CASEM, ASOMAFRUT y ADEFRUTA, junto a la empresa p\u00fablica MERCASA, se han sumado a esta acci\u00f3n impulsada por la <a href=\\\"http:\/\/www.vip.coop\/es\/home\/1-0.html\\\">Asociaci\u00f3n de Productores Hortofrut\u00edcolas del Valle Venosta<\/a> (V.I.P).<\/p>\n<p>El apoyo del Ayuntamiento de Madrid se encuadra dentro de la l\u00ednea estrat\u00e9gica de apoyo al comercio de proximidad y a los mercados municipales, as\u00ed como a las asociaciones de comerciantes.<\/p>\n<p>La titular de la Direcci\u00f3n General de Comercio y Emprendimiento del Ayuntamiento de Madrid ha destacado que \u201cEl sector de la fruter\u00eda es especialmente representativo en los Mercados de Madrid. Nadie concibe un mercado sin fruter\u00edas, sin ese color, sin esa vida que dan los fruteros, y nadie concibe las fruter\u00edas sin los Mercados de Madrid\u201d. De hecho, aproximadamente el 12% de los puestos en los Mercados son fruter\u00edas, y son m\u00e1s de 300 en los 46 equipamientos, siendo la red m\u00e1s amplia de Espa\u00f1a. Igualmente ha resaltado el importante papel representado por la mujer: \u201cEs un sector en el que la mujer ha sido trabajadora, ha sido emprendedora y ha sido la prescriptora de todos estos productos\u201d.<\/p>\n<p><a href=\\\"http:\/\/www.europapress.tv\/videocomunicados\/299143\/1\/celebra-dia-frutero-primera-vez-espana.html\\\" target=\\\"_blank\\\">Ver v\u00eddeo evento.<\/a><\/p>\n","protected":false},"excerpt":{"rendered":"<p>La iniciativa que parte de la Asociaci\u00f3n de Productores Hortofruct\u00edcolas&#8230;<\/p>\n","protected":false},"featured_media":7087,"template":"","meta":{"_acf_changed":false},"categories":[],"noticias":[],"class_list":["post-7086","noticias","type-noticias","status-publish","has-post-thumbnail","hentry"],"acf":[],"_links":{"self":[{"href":"https:\/\/test.madridemprende.anovagroup.es\/fr\/wp-json\/wp\/v2\/noticias\/7086"}],"collection":[{"href":"https:\/\/test.madridemprende.anovagroup.es\/fr\/wp-json\/wp\/v2\/noticias"}],"about":[{"href":"https:\/\/test.madridemprende.anovagroup.es\/fr\/wp-json\/wp\/v2\/types\/noticias"}],"version-history":[{"count":0,"href":"https:\/\/test.madridemprende.anovagroup.es\/fr\/wp-json\/wp\/v2\/noticias\/7086\/revisions"}],"wp:featuredmedia":[{"embeddable":true,"href":"https:\/\/test.madridemprende.anovagroup.es\/fr\/wp-json\/wp\/v2\/media\/7087"}],"wp:attachment":[{"href":"https:\/\/test.madridemprende.anovagroup.es\/fr\/wp-json\/wp\/v2\/media?parent=7086"}],"wp:term":[{"taxonomy":"category","embeddable":true,"href":"https:\/\/test.madridemprende.anovagroup.es\/fr\/wp-json\/wp\/v2\/categories?post=7086"},{"taxonomy":"noticias","embeddable":true,"href":"https:\/\/test.madridemprende.anovagroup.es\/fr\/wp-json\/wp\/v2\/noticias?post=7086"}],"curies":[{"name":"wp","href":"https:\/\/api.w.org\/{rel}","templated":true}]}}