{"id":7090,"date":"2016-02-16T00:00:00","date_gmt":"2016-02-16T00:00:00","guid":{"rendered":"https:\/\/pre.madridemprende.anovagroup.es\/noticias\/da-comienzo-la-vii-edicin-de-saln-miempresa\/"},"modified":"2022-06-08T11:27:58","modified_gmt":"2022-06-08T09:27:58","slug":"da-comienzo-la-vii-edicin-de-saln-miempresa","status":"publish","type":"noticias","link":"https:\/\/test.madridemprende.anovagroup.es\/fr\/noticias\/da-comienzo-la-vii-edicin-de-saln-miempresa\/","title":{"rendered":"Da comienzo la VII Edici\u00f3n de Sal\u00f3n MiEmpresa"},"content":{"rendered":"<p>La alcaldesa de Madrid, Manuela Carmena, ha acudido a primera hora al <a href=\\\"http:\/\/www.barclaycardcenter.es\/\\\">Barclaycard Center<\/a> con el fin de dar el pistoletazo de salida al <a href=\\\"http:\/\/www.salonmiempresa.com\/sme-2016\/\\\">Sal\u00f3n MiEmpresa 2016<\/a>.<\/p>\n<p>Concha D\u00edaz de Villegas, directora de la <a href=\\\"\/es\\\">D.G de Comercio y Emprendimiento del Ayuntamiento de Madrid<\/a>, acompa\u00f1ada de <a href=\\\"https:\/\/twitter.com\/sebchartier\\\">S\u00e9bastien Chartier<\/a>, organizador del evento, ha recibido a la alcaldesa, la cual ha acudido acompa\u00f1ada por <a href=\\\"https:\/\/es.wikipedia.org\/wiki\/Marta_Higueras\\\">Marta Higueras<\/a>, Primera teniente de alcalde, y <a href=\\\"https:\/\/twitter.com\/pblcarmona\\\">Pablo C\u00e9sar Carmona<\/a>, Presidente del Distrito de Salamanca.<\/p>\n<p>A lo largo de los 2 d\u00edas de evento, se dar\u00e1n cita m\u00e1s de 75 empresas que ofrecen diferentes servicios, productos y asesoramiento, as\u00ed como 300 ponentes divididos en los diferentes espacios.<\/p>\n<p>Durante la inauguraci\u00f3n, Manuela Carmena ha expresado el gran orgullo que siente ante la labor que el Ayuntamiento de Madrid est\u00e1 desarrollando en el entorno de <a href=\\\"\/es\/comercio\\\">Comercio<\/a> y <a href=\\\"\/es\/emprendedores\\\">Emprendimiento<\/a>, apoyando a todos los ciudadanos que desean emprender, y formar parte de esta gran suma.<\/p>\n<p>Por otro lado, la alcaldesa ha hecho una menci\u00f3n especial a todo el equipo de \u201c<a href=\\\"http:\/\/www.mesimesserveis.com\/\\\">M\u00e9s\u00a0i\u00a0M\u00e9s\u00a0Serveis<\/a>\u201d por su implicaci\u00f3n en el proceso de integraci\u00f3n de las personas con minusval\u00eda.<\/p>\n<p>En esta edici\u00f3n, el <a href=\\\"http:\/\/www.madrid.es\/portales\/munimadrid\/es\/Inicio?vgnextfmt=default&#038;vgnextchannel=1ccd566813946010VgnVCM100000dc0ca8c0RCRD\\\">Ayuntamiento de Madrid<\/a> a trav\u00e9s de la D.G. de Comercio y Emprendimiento, cuenta con un gran estand, espacio donde se ofrece informaci\u00f3n y asesoramiento a emprendedores, pymes, o cualquier interesado en dar comienzo a su aventura empresarial.<\/p>\n<p>En este espacio tambi\u00e9n han estado presentes algunos de los emprendedores alojados en nuestra Red de Viveros, la alcaldesa tuvo la oportunidad de saludar e interesarse por dos empresas que ese momento estaban en el stand, <a href=\\\"http:\/\/www.studiovelero.com\/\\\">Studio Velero<\/a> y <a href=\\\"http:\/\/www.ccmservicioslegales.com\/\\\">Extranjer\u00eda Abogados<\/a><\/p>\n<p>Tras el \u00e9xito de la pasada edici\u00f3n, se espera que aproximadamente 15.000 personas visiten la VII Edici\u00f3n de Sal\u00f3n MiEmpresa.<\/p>\n<p>Aqu\u00ed puedes ver las fotos de la inauguraci\u00f3n:\u00a0<a href=\\\"https:\/\/www.facebook.com\/media\/set\/?set=a.10153864652822165.1073741842.151754117164&#038;type=3&#038;uploaded=18\\\" target=\\\"_blank\\\">Fotos Sal\u00f3n MiEmpresa 2016<\/a><\/p>\n<p><center><iframe src=\\\"https:\/\/www.youtube.com\/embed\/5vVZxZgeVSI\\\" width=\\\"560\\\" height=\\\"315\\\" frameborder=\\\"0\\\" allowfullscreen=\\\"\\\"><\/iframe><\/center><\/p>\n","protected":false},"excerpt":{"rendered":"<p>La alcaldesa de Madrid, Manuela Carmena, ha acudido a primera hora al&#8230;<\/p>\n","protected":false},"featured_media":7091,"template":"","meta":{"_acf_changed":false},"categories":[],"noticias":[],"class_list":["post-7090","noticias","type-noticias","status-publish","has-post-thumbnail","hentry"],"acf":[],"_links":{"self":[{"href":"https:\/\/test.madridemprende.anovagroup.es\/fr\/wp-json\/wp\/v2\/noticias\/7090"}],"collection":[{"href":"https:\/\/test.madridemprende.anovagroup.es\/fr\/wp-json\/wp\/v2\/noticias"}],"about":[{"href":"https:\/\/test.madridemprende.anovagroup.es\/fr\/wp-json\/wp\/v2\/types\/noticias"}],"version-history":[{"count":0,"href":"https:\/\/test.madridemprende.anovagroup.es\/fr\/wp-json\/wp\/v2\/noticias\/7090\/revisions"}],"wp:featuredmedia":[{"embeddable":true,"href":"https:\/\/test.madridemprende.anovagroup.es\/fr\/wp-json\/wp\/v2\/media\/7091"}],"wp:attachment":[{"href":"https:\/\/test.madridemprende.anovagroup.es\/fr\/wp-json\/wp\/v2\/media?parent=7090"}],"wp:term":[{"taxonomy":"category","embeddable":true,"href":"https:\/\/test.madridemprende.anovagroup.es\/fr\/wp-json\/wp\/v2\/categories?post=7090"},{"taxonomy":"noticias","embeddable":true,"href":"https:\/\/test.madridemprende.anovagroup.es\/fr\/wp-json\/wp\/v2\/noticias?post=7090"}],"curies":[{"name":"wp","href":"https:\/\/api.w.org\/{rel}","templated":true}]}}