{"id":7104,"date":"2016-02-29T00:00:00","date_gmt":"2016-02-29T00:00:00","guid":{"rendered":"https:\/\/pre.madridemprende.anovagroup.es\/noticias\/la-franquicia-una-alternativa-ms-para-emprender\/"},"modified":"2022-06-08T11:27:57","modified_gmt":"2022-06-08T09:27:57","slug":"la-franquicia-una-alternativa-ms-para-emprender","status":"publish","type":"noticias","link":"https:\/\/test.madridemprende.anovagroup.es\/fr\/noticias\/la-franquicia-una-alternativa-ms-para-emprender\/","title":{"rendered":"La franquicia, una alternativa m\u00e1s para emprender"},"content":{"rendered":"<p>\u00a0<\/p>\n<p>\u00a0<\/p>\n<p>El pasado 25 de febrero tuvo lugar en el <a href=\\\"\/es\/emprendedores\/espacios-para-emprendedores\/viveros-de-empresas\/Viveros\/ficha\/bd88c882e9b597a6d95b6b67fe83cc62\/\\\">Vivero de Empresas de Puente de Vallecas<\/a> el curso pr\u00e1ctico de franquicias, dirigido a pymes, emprendedores e inversores que, cada a\u00f1o, pone en marcha la <a href=\\\"\/\\\">Direcci\u00f3n General de Comercio y Emprendimiento<\/a> del Ayuntamiento de Madrid, en colaboraci\u00f3n con la consultora <a href=\\\"http:\/\/bya.es\/\\\">Barbadillo y Asociados<\/a>.<\/p>\n<p> La formaci\u00f3n sigui\u00f3 una metodolog\u00eda te\u00f3rico-pr\u00e1ctica, dedicando gran parte de la formaci\u00f3n a la impartici\u00f3n de conocimientos b\u00e1sicos y fundamentales en franquicia, explicados de forma amplia, pero completando dicha exposici\u00f3n con ejemplos pr\u00e1cticos. <\/p>\n<p> El objetivo de dicho curso era transmitir a los asistentes aspectos tan importantes como el contrato de franquicia, factores a tener en cuenta a la hora de entrar a formar parte de una cadena de franquicias, aspectos legales y econ\u00f3micos de un proyecto de franquicia, planes de viabilidad y desarrollo documental, expansi\u00f3n de una cadena de franquicias o elementos esenciales para lograr un desarrollo de \u00e9xito.<\/p>\n<p>Igualmente, a trav\u00e9s de <a href=\\\"http:\/\/www.acordiamediacion.es\/\\\">Acordia Mediaci\u00f3n<\/a>, empresa alojada en la <a href=\\\"https:\/\/twitter.com\/MadridEmprende\\\">#RedDeViveros<\/a> se puso de manifiesto la importancia de la colaboraci\u00f3n entre franquiciador y franquiciado, como factor determinante y de refuerzo del sistema de franquicia, qued\u00f3 probada la eficacia del empleo de la mediaci\u00f3n en este importante sector econ\u00f3mico.<\/p>\n<p>Algunas de las razones de peso en las que Acordia Mediaci\u00f3n bas\u00f3 su exposici\u00f3n fueron que dado que \u201cel sistema de franquicia, obliga a las partes a continuar trabajando juntos, durante mucho tiempo\u201d e inevitablemente en esta relaci\u00f3n empresarial, se producen desacuerdos entre franquiciador y franquiciado, siendo conviene hacer un esfuerzo conjunto por solucionar las diferencias de la manera m\u00e1s r\u00e1pida posible, para continuar, construir y mantener fuerte y rentable el negocio o sistema de franquicia y poder as\u00ed cumplir con las propias expectativas y las de los consumidores. \u00a0\u201cEs necesario integrar las necesidades individuales, junto con las necesidades del sistema de franquicia\u201d. La mediaci\u00f3n facilita este doble enfoque. A trav\u00e9s de la intervenci\u00f3n de un mediador profesional se agiliza dicha integraci\u00f3n, ya que gu\u00eda a las partes a trav\u00e9s de los diferentes matices, abordando todas las cuestiones e intereses necesarios para que por ellas mismas puedan confeccionar una resoluci\u00f3n exitosa y duradera.<\/p>\n<p>Adem\u00e1s se\u00f1al\u00f3 que para las franquicias, someter la resoluci\u00f3n de los conflictos o discrepancias que puedan surgir ente franquiciador y franquiciado, a la v\u00eda judicial, afecta de forma directa a su valoraci\u00f3n, imagen y proyecci\u00f3n, mientras que a trav\u00e9s del empleo de la mediaci\u00f3n tanto la disputa como la soluci\u00f3n siempre quedar\u00e1 en la m\u00e1s absoluta confidencialidad<strong>. <\/strong><\/p>\n","protected":false},"excerpt":{"rendered":"<p>\u00a0<br \/>\n\u00a0<br \/>\nEl pasado 25 de febrero tuvo lugar en el Vivero de Empresas de Puente&#8230;<\/p>\n","protected":false},"featured_media":7105,"template":"","meta":{"_acf_changed":false},"categories":[],"noticias":[],"class_list":["post-7104","noticias","type-noticias","status-publish","has-post-thumbnail","hentry"],"acf":[],"_links":{"self":[{"href":"https:\/\/test.madridemprende.anovagroup.es\/fr\/wp-json\/wp\/v2\/noticias\/7104"}],"collection":[{"href":"https:\/\/test.madridemprende.anovagroup.es\/fr\/wp-json\/wp\/v2\/noticias"}],"about":[{"href":"https:\/\/test.madridemprende.anovagroup.es\/fr\/wp-json\/wp\/v2\/types\/noticias"}],"version-history":[{"count":0,"href":"https:\/\/test.madridemprende.anovagroup.es\/fr\/wp-json\/wp\/v2\/noticias\/7104\/revisions"}],"wp:featuredmedia":[{"embeddable":true,"href":"https:\/\/test.madridemprende.anovagroup.es\/fr\/wp-json\/wp\/v2\/media\/7105"}],"wp:attachment":[{"href":"https:\/\/test.madridemprende.anovagroup.es\/fr\/wp-json\/wp\/v2\/media?parent=7104"}],"wp:term":[{"taxonomy":"category","embeddable":true,"href":"https:\/\/test.madridemprende.anovagroup.es\/fr\/wp-json\/wp\/v2\/categories?post=7104"},{"taxonomy":"noticias","embeddable":true,"href":"https:\/\/test.madridemprende.anovagroup.es\/fr\/wp-json\/wp\/v2\/noticias?post=7104"}],"curies":[{"name":"wp","href":"https:\/\/api.w.org\/{rel}","templated":true}]}}