{"id":7112,"date":"2016-03-17T00:00:00","date_gmt":"2016-03-17T00:00:00","guid":{"rendered":"https:\/\/pre.madridemprende.anovagroup.es\/noticias\/nuevos-itinerarios-formativos-para-emprendedores\/"},"modified":"2022-06-08T11:27:56","modified_gmt":"2022-06-08T09:27:56","slug":"nuevos-itinerarios-formativos-para-emprendedores","status":"publish","type":"noticias","link":"https:\/\/test.madridemprende.anovagroup.es\/fr\/noticias\/nuevos-itinerarios-formativos-para-emprendedores\/","title":{"rendered":"Nuevos itinerarios formativos para emprendedores"},"content":{"rendered":"<p>Ya est\u00e1n abiertas las inscripciones para el primer ciclo de los <a href=\\\"\/es\/emprendedores\/in-formacion-y-networking\/cursos-de-in-formacion\\\">Cursos de In-formaci\u00f3n<\/a>, son itinerarios formativos eminentemente pr\u00e1cticos que recogen los temas m\u00e1s relevantes a tener en cuenta a la hora de poner en marcha un negocio.<\/p>\n<p>Cada ciclo se compone de <strong>cuatro itinerarios de In-formaci\u00f3n<\/strong> que\u00a0se van a celebrar dos veces al a\u00f1o: el primero de comienza en abril y el segundo en septiembre.<br \/>El objetivo es la\u00a0<strong>formaci\u00f3n integral del emprendedor\u00a0<\/strong>ofreciendo contenidos suficientes que posibiliten la adquisici\u00f3n de habilidades y capacidades para la puesta en marcha de un negocio, definici\u00f3n de estrategias comerciales y direcci\u00f3n empresarial, entre otras.<\/p>\n<p>Si quieres participar en uno de los ciclos s\u00f3lo hace falta:<\/p>\n<p>&#8211; Mentalidad emprendedora<br \/>&#8211; Inter\u00e9s por formarse<br \/>&#8211; Una idea de negocio, aunque sea en fase inicial, o un negocio de reciente creaci\u00f3n<\/p>\n<p>Una de las novedades de este a\u00f1o es que a la finalizaci\u00f3n de cada uno de los dos ciclos\u00a0se organizar\u00e1 una jornada final de \u201cnetworking\u201d, de tres horas de duraci\u00f3n.<\/p>\n<p><strong>CONTENIDO DE LOS ITINERARIOS FORMATIVOS\u00a0<\/strong><\/p>\n<p><strong>&#8211; Itinerario I: \u201cHabilidades del emprendimiento\u201d: 5, 6, 12 y 13 de abril.\u00a0<a href=\\\"\/es\/agenda\/Agenda\/evento\/itinerario-i-habilidades-del-emprendimiento\/e8e0aa96ccda3510a91be638aea22062\/\\\">Incr\u00edbete aqu\u00ed<br \/><\/a><\/strong>Su finalidad es conducir al ciudadano madrile\u00f1o, con una idea incipiente y\/o un proyecto de negocio, hacia una reflexi\u00f3n sobre aspectos del emprendimiento transversales y comunes a cualquier sector de actividad como son el autoconocimiento, la toma de conciencia de las propias capacidades y habilidades, as\u00ed como facilitarle los recursos que le permitan obtener una perspectiva empresarial, aunque sea en el marco del autoempleo.<\/p>\n<p><strong>&#8211; Itinerario II: \u201cFundamentos del plan de empresa. Plan econ\u00f3mico financiero\u201d: 19, 20, 26 y 27 de abril.\u00a0<a href=\\\"\/es\/agenda\/Agenda\/evento\/itinerario-ii-fundamentos-del-plan-de-empresa-plan-econmico-financiero\/e36ed0a9a3231c51f8a78e369f185336\\\">Incr\u00edbete aqu\u00ed<br \/><\/a><\/strong>El objetivo es dar a conocer las f\u00f3rmulas jur\u00eddicas y otros aspectos legales que son fundamentales a la hora de redactar un plan de empresa. Adem\u00e1s, se analizar\u00e1 la parte econ\u00f3mico financiera del Plan de negocio enfocada, principalmente, a la solicitud de financiaci\u00f3n.<\/p>\n<p><strong>&#8211; Itinerario III: \u201cModelo de negocio y estrategia comercial y de ventas\u201d: 4, 5, 11 y 12 de mayo.\u00a0\u00a0<a href=\\\"\/es\/agenda\/Agenda\/evento\/itinerario-iii-modelo-de-negocio-y-estrategia-comercial-y-de-ventas\/5210a1e2eb21bf7515ce59cfb6bd3767\\\">Incr\u00edbete aqu\u00ed<br \/><\/a><\/strong>Itinerario destinado a dar las pautas para que los asistentes aprendan a analizar las ideas de su proyecto y los pasos para convertirlo en un modelo de negocio, conociendo la necesidad de establecer las estrategias de venta y comunicaci\u00f3n, la identificaci\u00f3n y atracci\u00f3n del cliente y los diferentes canales de marketing.<\/p>\n<p><strong>&#8211; Itinerario IV: \u201cMarketing on line y dise\u00f1o web\u201d: 18, 19, 25 y 26 de mayo.\u00a0\u00a0<a href=\\\"\/es\/agenda\/Agenda\/evento\/itinerario-iv-marketing-on-line-y-diseo-web\/1471a33885fa681161112acf50848b39\\\">Incr\u00edbete aqu\u00ed<br \/><\/a><\/strong>Enfocado literalmente a aprender a dise\u00f1ar y gestionar la Web del negocio en proyecto. Adem\u00e1s se dar\u00e1n herramientas para que los asistentes puedan disponer en un futuro pr\u00f3ximo de su tienda online.<\/p>\n<p>Puedes inscribirte a un itinerario, a dos, a tres o a los cuatro, teniendo en cuenta que\u00a0<strong>es<\/strong><strong> necesario\u00a0acudir a las cuatro jornadas <\/strong><strong>que componen cada itinerario<\/strong><strong>.<\/p>\n<p><\/strong>Los Cursos de In-formaci\u00f3n celebran en el\u00a0<a href=\\\"\/es\/emprendedores\/espacios-para-emprendedores\/viveros-de-empresas\/Viveros\/ficha\/bd88c882e9b597a6d95b6b67fe83cc62\/\\\">Vivero de Empresas de Puente de Vallecas<\/a>\u00a0en horario de 10:00 a 14:30 h, cada jornada se desarrollar\u00e1 siempre de forma presencial, en cuatro horas efectivas.<\/p>\n<p>Inscripci\u00f3n obligatoria en \u00a0<a href=\\\"\/agenda\\\">www.madridemprende.es\/agenda<\/a>. Plazas gratuitas y limitadas<\/p>\n<p><strong>M\u00e1s informaci\u00f3n:<br \/><\/strong>Correos:\u00a0<a href=\\\"mailto:asesor3me@madrid.es?subject=Cursos%20In-formacion\\\">asesor3me@madrid.es\u00a0<\/a>\/\u00a0<a href=\\\"mailto:atienzafmc@madrid.es?subject=Curso%20In-formaci\u00f3n\\\">emprendedores@madrid.es\u00a0<br \/><\/a>Tel\u00e9fono: 915 133 701<\/p>\n<p>Si quieres estar al d\u00eda de nuestras actividades para emprendedores <a href=\\\"\/es\/subscripcion2\\\">inscr\u00edbete<\/a> en nuestro bolet\u00edn de actividades semanal.<\/p>\n","protected":false},"excerpt":{"rendered":"<p>Ya est\u00e1n abiertas las inscripciones para el primer ciclo de los Cursos de&#8230;<\/p>\n","protected":false},"featured_media":7113,"template":"","meta":{"_acf_changed":false},"categories":[],"noticias":[],"class_list":["post-7112","noticias","type-noticias","status-publish","has-post-thumbnail","hentry"],"acf":[],"_links":{"self":[{"href":"https:\/\/test.madridemprende.anovagroup.es\/fr\/wp-json\/wp\/v2\/noticias\/7112"}],"collection":[{"href":"https:\/\/test.madridemprende.anovagroup.es\/fr\/wp-json\/wp\/v2\/noticias"}],"about":[{"href":"https:\/\/test.madridemprende.anovagroup.es\/fr\/wp-json\/wp\/v2\/types\/noticias"}],"version-history":[{"count":0,"href":"https:\/\/test.madridemprende.anovagroup.es\/fr\/wp-json\/wp\/v2\/noticias\/7112\/revisions"}],"wp:featuredmedia":[{"embeddable":true,"href":"https:\/\/test.madridemprende.anovagroup.es\/fr\/wp-json\/wp\/v2\/media\/7113"}],"wp:attachment":[{"href":"https:\/\/test.madridemprende.anovagroup.es\/fr\/wp-json\/wp\/v2\/media?parent=7112"}],"wp:term":[{"taxonomy":"category","embeddable":true,"href":"https:\/\/test.madridemprende.anovagroup.es\/fr\/wp-json\/wp\/v2\/categories?post=7112"},{"taxonomy":"noticias","embeddable":true,"href":"https:\/\/test.madridemprende.anovagroup.es\/fr\/wp-json\/wp\/v2\/noticias?post=7112"}],"curies":[{"name":"wp","href":"https:\/\/api.w.org\/{rel}","templated":true}]}}